{"id":583048,"date":"2025-12-06T23:01:32","date_gmt":"2025-12-06T23:01:32","guid":{"rendered":"https:\/\/www.europesays.com\/fr\/583048\/"},"modified":"2025-12-06T23:01:32","modified_gmt":"2025-12-06T23:01:32","slug":"lille-1-0-om-des-joueurs-globalement-pas-epargnes-dans-la-presse","status":"publish","type":"post","link":"https:\/\/www.europesays.com\/fr\/583048\/","title":{"rendered":"Lille 1\/0 OM &#8211; des joueurs globalement pas \u00e9pargn\u00e9s dans la presse !"},"content":{"rendered":"<p><img decoding=\"async\" src=\"https:\/\/www.europesays.com\/fr\/wp-content\/uploads\/2025\/05\/rdp_lephoceen.jpg\" alt=\"\" width=\"75\" data-prevent-delete=\"true\"\/><br \/>\nHuit joueurs \u00e0 3,5\/10 !<\/p>\n<p data-prevent-delete=\"true\"><strong>Rulli (3,5) &#8211; T.Weah (3,5)<\/strong>, Pavard (4), Balerdi (4,5), <strong>Aguerd (3,5), Emerson (3,5)<\/strong> &#8211; Vermeeren (5), Kondogbia (4,5) &#8211; Greenwood (4), <strong>Aubameyang (3,5), Paixao (3,5) \/ Vaz (3,5), Bakola (3,5)<\/strong><\/p>\n<p>\u00a0<\/p>\n<p><img decoding=\"async\" src=\"https:\/\/www.europesays.com\/fr\/wp-content\/uploads\/2025\/04\/rdp_laprovence.jpg\" alt=\"\" width=\"75\" data-prevent-delete=\"true\"\/><br \/>\nDes notes plus s\u00e9v\u00e8res sauf pour Greenwood et Emerson<\/p>\n<p data-prevent-delete=\"true\">Rulli (3) &#8211; T.Weah (3), Pavard (3,5), Balerdi (4), Aguerd (3), <strong>Emerson (4,5)<\/strong> &#8211; Vermeeren (4,5), Kondogbia (4,5) &#8211; <strong>Greenwood (5)<\/strong>, Aubameyang (2), Paixao (2,5)<\/p>\n<p>\u00a0<\/p>\n<p><img decoding=\"async\" src=\"https:\/\/www.europesays.com\/fr\/wp-content\/uploads\/2025\/04\/rdp_lequipe.jpg\" alt=\"\" width=\"75\" data-prevent-delete=\"true\"\/><br \/>\nTimothy Weah, Emerson et Leo Balerdi ont tous la moyenne<\/p>\n<p data-prevent-delete=\"true\">Rulli (3) &#8211; <strong>T.Weah (5)<\/strong>, Pavard (4), <strong>Balerdi (5)<\/strong>, Aguerd (4), <strong>Emerson (5)<\/strong> &#8211; Vermeeren (4), Kondogbia (4) &#8211; Greenwood (4), Aubameyang (3), Paixao (3)<\/p>\n<p>Selon les notations du Phoc\u00e9en, un joueur est consid\u00e9r\u00e9 comme \u00ab\u00a0top\u00a0\u00bb \u00e0 partir de 7\/10, et comme \u00ab\u00a0flop\u00a0\u00bb \u00e0 4\/10 et en-dessous.<\/p>\n<p>Vous pouvez \u00e9galement retrouver <strong><a href=\"https:\/\/www.lephoceen.fr\/infos-om\/autour-de-l-om\/lille-1-0-om-les-notes-des-olympiens-231225\" target=\"_blank\" rel=\"noopener\">les notes du Phoc\u00e9en en vid\u00e9o et dans l&rsquo;article des notes<\/a><\/strong>.<\/p>\n<p>Notre r\u00f4le, c\u2019est de vous faciliter la vie : on rassemble un max d\u2019infos sur l\u2019OM au m\u00eame endroit, m\u00eame quand les sources se contredisent. Oui, \u00e7a arrive, mais c\u2019est le jeu du mercato et de l\u2019info en continu.<br \/>\nCe qu\u2019on veut, c\u2019est que vous ne manquiez rien sur notre club de c\u0153ur. Et comme aimer l\u2019OM, c\u2019est aussi aimer le foot, on vous relaye chaque jour l\u2019essentiel de ce sport qui nous fait vibrer.<\/p>\n","protected":false},"excerpt":{"rendered":"Huit joueurs \u00e0 3,5\/10 ! Rulli (3,5) &#8211; T.Weah (3,5), Pavard (4), Balerdi (4,5), Aguerd (3,5), Emerson (3,5)&hellip;\n","protected":false},"author":2,"featured_media":106419,"comment_status":"","ping_status":"","sticky":false,"template":"","format":"standard","meta":{"footnotes":""},"categories":[2815],"tags":[1111,11,1777,674,1011,27,811,1307,12,25],"class_list":{"0":"post-583048","1":"post","2":"type-post","3":"status-publish","4":"format-standard","5":"has-post-thumbnail","7":"category-lille","8":"tag-actu","9":"tag-actualites","10":"tag-eu","11":"tag-europe","12":"tag-fr","13":"tag-france","14":"tag-hauts-de-france","15":"tag-lille","16":"tag-news","17":"tag-republique-francaise"},"share_on_mastodon":{"url":"https:\/\/pubeurope.com\/@fr\/115675116463170287","error":""},"_links":{"self":[{"href":"https:\/\/www.europesays.com\/fr\/wp-json\/wp\/v2\/posts\/583048","targetHints":{"allow":["GET"]}}],"collection":[{"href":"https:\/\/www.europesays.com\/fr\/wp-json\/wp\/v2\/posts"}],"about":[{"href":"https:\/\/www.europesays.com\/fr\/wp-json\/wp\/v2\/types\/post"}],"author":[{"embeddable":true,"href":"https:\/\/www.europesays.com\/fr\/wp-json\/wp\/v2\/users\/2"}],"replies":[{"embeddable":true,"href":"https:\/\/www.europesays.com\/fr\/wp-json\/wp\/v2\/comments?post=583048"}],"version-history":[{"count":0,"href":"https:\/\/www.europesays.com\/fr\/wp-json\/wp\/v2\/posts\/583048\/revisions"}],"wp:featuredmedia":[{"embeddable":true,"href":"https:\/\/www.europesays.com\/fr\/wp-json\/wp\/v2\/media\/106419"}],"wp:attachment":[{"href":"https:\/\/www.europesays.com\/fr\/wp-json\/wp\/v2\/media?parent=583048"}],"wp:term":[{"taxonomy":"category","embeddable":true,"href":"https:\/\/www.europesays.com\/fr\/wp-json\/wp\/v2\/categories?post=583048"},{"taxonomy":"post_tag","embeddable":true,"href":"https:\/\/www.europesays.com\/fr\/wp-json\/wp\/v2\/tags?post=583048"}],"curies":[{"name":"wp","href":"https:\/\/api.w.org\/{rel}","templated":true}]}}