{"id":583049,"date":"2025-12-06T23:02:13","date_gmt":"2025-12-06T23:02:13","guid":{"rendered":"https:\/\/www.europesays.com\/fr\/583049\/"},"modified":"2025-12-06T23:02:13","modified_gmt":"2025-12-06T23:02:13","slug":"elle-avait-une-intelligence-qui-a-bouleverse-laudience","status":"publish","type":"post","link":"https:\/\/www.europesays.com\/fr\/583049\/","title":{"rendered":"Elle avait une intelligence qui a boulevers\u00e9 l\u2019audience"},"content":{"rendered":"<p><strong>L\u2019avocat\u00a0: <\/strong>St\u00e9phanie Spiteri, avocat au barreau de <a href=\"https:\/\/www.laprovence.com\/bouches-du-rhone\/marseille-13055\" target=\"_blank\" rel=\"noopener\">Marseille<\/a>. Prestation de serment le 6\u00a0janvier\u00a02010. \u00ab\u00a0Ma sp\u00e9cialit\u00e9, c\u2019est plut\u00f4t le p\u00e9nal.\u00a0\u00bb<\/p>\n<p>Le proc\u00e8s<\/p>\n<p>Il s\u2019est d\u00e9roul\u00e9 en\u00a02015, devant <a href=\"https:\/\/www.laprovence.com\/article\/faits-divers-justice\/1082025848754715\/aux-assises-les-proches-d-un-jeune-battu-a-mort-sur-un-plan-stup-de-la-paternelle-en-quete-de-justice\" target=\"_blank\" rel=\"noopener\">la cour d\u2019assises des Bouches-du-Rh\u00f4ne<\/a> \u00e0 <a href=\"https:\/\/www.laprovence.com\/bouches-du-rhone\/aix-en-provence-13001\" target=\"_blank\" rel=\"noopener\">Aix-en-Provence<\/a>.<\/p>\n<p>Sur le banc des accus\u00e9s<\/p>\n<p>Sur le banc des accus\u00e9s, il y avait \u00ab\u00a0Monsieur tout-le-monde\u00a0\u00bb. C\u2019\u00e9tait un p\u00e8re de famille, un \u00e9lectricien d\u2019une quarantaine d\u2019ann\u00e9es accus\u00e9 <a href=\"https:\/\/www.laprovence.com\/article\/faits-divers-justice\/51091627737124\/viol-sur-mineurs-vers-la-fin-de-la-prescription-et-une-definition-elargie-de-linceste-aux-cousins\" target=\"_blank\" rel=\"noopener\">de viols incestueux sur mineur<\/a>. La victime \u00e9tait sa fille, que je repr\u00e9sentais. Je l\u2019ai accompagn\u00e9e \u00e0 compter de ses 10\u00a0ans, elle avait 15\u00a0ans au moment du proc\u00e8s.<\/p>\n<p>Ce qui m\u2019a marqu\u00e9<\/p>\n<p>La personnalit\u00e9 de celle que j\u2019ai assist\u00e9e. Quand on a fait des expertises psychologiques et psychiatriques de cette jeune fille, les experts ont expliqu\u00e9 qu\u2019ils ne pouvaient pas calculer <a href=\"https:\/\/www.laprovence.com\/article\/edition-aubagne-la-ciotat\/4733101\/colloque-a-lagora-la-surdouance-est-souvent-liee-a-lhypersensibilite.html\" target=\"_blank\" rel=\"noopener\">son quotient intellectuel qui \u00e9tait trop haut<\/a>, donc pas calculable. Cela s\u2019\u00e9tait manifest\u00e9 d\u00e9j\u00e0 dans sa mani\u00e8re d\u2019\u00eatre lors de l\u2019instruction. Le jour o\u00f9 elle avait \u00e9t\u00e9 entendue en qualit\u00e9 de victime devant le juge d\u2019instruction, elle avait 12\u00a0ans, \u00e9tait arriv\u00e9e habill\u00e9e comme une toute petite fille, avec un petit bonnet en peluche avec des oreilles de chat, c\u2019\u00e9tait assez mignon.<\/p>\n<p>Le juge devait lui poser des questions tr\u00e8&#8230;<\/p>\n","protected":false},"excerpt":{"rendered":"L\u2019avocat\u00a0: St\u00e9phanie Spiteri, avocat au barreau de Marseille. Prestation de serment le 6\u00a0janvier\u00a02010. \u00ab\u00a0Ma sp\u00e9cialit\u00e9, c\u2019est plut\u00f4t le&hellip;\n","protected":false},"author":2,"featured_media":583050,"comment_status":"","ping_status":"","sticky":false,"template":"","format":"standard","meta":{"footnotes":""},"categories":[2814],"tags":[17,1111,11,3170,1777,674,274,1011,27,12141,884,12,2694,882,3583,25,69656,38424,4717],"class_list":{"0":"post-583049","1":"post","2":"type-post","3":"status-publish","4":"format-standard","5":"has-post-thumbnail","7":"category-marseille","8":"tag-17","9":"tag-actu","10":"tag-actualites","11":"tag-elle","12":"tag-eu","13":"tag-europe","14":"tag-faits-divers-justice","15":"tag-fr","16":"tag-france","17":"tag-marque","18":"tag-marseille","19":"tag-news","20":"tag-proces","21":"tag-provence-alpes-cote-dazur","22":"tag-qui","23":"tag-republique-francaise","24":"tag-spiteri","25":"tag-stephanie","26":"tag-vie"},"share_on_mastodon":{"url":"https:\/\/pubeurope.com\/@fr\/115675119313526111","error":""},"_links":{"self":[{"href":"https:\/\/www.europesays.com\/fr\/wp-json\/wp\/v2\/posts\/583049","targetHints":{"allow":["GET"]}}],"collection":[{"href":"https:\/\/www.europesays.com\/fr\/wp-json\/wp\/v2\/posts"}],"about":[{"href":"https:\/\/www.europesays.com\/fr\/wp-json\/wp\/v2\/types\/post"}],"author":[{"embeddable":true,"href":"https:\/\/www.europesays.com\/fr\/wp-json\/wp\/v2\/users\/2"}],"replies":[{"embeddable":true,"href":"https:\/\/www.europesays.com\/fr\/wp-json\/wp\/v2\/comments?post=583049"}],"version-history":[{"count":0,"href":"https:\/\/www.europesays.com\/fr\/wp-json\/wp\/v2\/posts\/583049\/revisions"}],"wp:featuredmedia":[{"embeddable":true,"href":"https:\/\/www.europesays.com\/fr\/wp-json\/wp\/v2\/media\/583050"}],"wp:attachment":[{"href":"https:\/\/www.europesays.com\/fr\/wp-json\/wp\/v2\/media?parent=583049"}],"wp:term":[{"taxonomy":"category","embeddable":true,"href":"https:\/\/www.europesays.com\/fr\/wp-json\/wp\/v2\/categories?post=583049"},{"taxonomy":"post_tag","embeddable":true,"href":"https:\/\/www.europesays.com\/fr\/wp-json\/wp\/v2\/tags?post=583049"}],"curies":[{"name":"wp","href":"https:\/\/api.w.org\/{rel}","templated":true}]}}