{"id":583051,"date":"2025-12-06T23:03:14","date_gmt":"2025-12-06T23:03:14","guid":{"rendered":"https:\/\/www.europesays.com\/fr\/583051\/"},"modified":"2025-12-06T23:03:14","modified_gmt":"2025-12-06T23:03:14","slug":"au-dome-de-marseille-la-revolution-de-gojira","status":"publish","type":"post","link":"https:\/\/www.europesays.com\/fr\/583051\/","title":{"rendered":"Au D\u00f4me de Marseille, la R\u00e9volution de Gojira"},"content":{"rendered":"<p>Le public marseillais attendait une d\u00e9flagration, il en a eu \u00e0 r\u00e9p\u00e9tition ce samedi soir au D\u00f4me, o\u00f9 <a href=\"https:\/\/www.laprovence.com\/article\/culture-loisirs\/5585004410165914\/apres-son-carton-au-j-o-le-groupe-de-metal-gojira-va-chauffer-le-dome-le-6-decembre-2025-a-marseille\" target=\"_blank\" rel=\"noopener\">Gojira<\/a> poursuivait son tour des grandes salles fran\u00e7aises. Et ce n\u2019est pas la main droite dans l\u2019attelle pour cause de blessure au pouce du chanteur Joe Duplantier, n\u00e9anmoins suppl\u00e9e \u00e0 la guitare par le vieil ami du groupe Greg Kubaci, qui refroidissait la salle quasi compl\u00e8te.<\/p>\n<p>Bien au contraire m\u00eame, tant les automatismes avec Mario Duplantier, Christian Andreu et Jean-Michel Labadie \u00e9taient \u00e9vidents malgr\u00e9 cette configuration in\u00e9dite \u00e0 cinq sur sc\u00e8ne. Apr\u00e8s avoir \u00e9t\u00e9 chauff\u00e9s \u00e0 blanc en premi\u00e8re partie par le death metal des Danois de Neckbreakker et le punk hardcore envoy\u00e9 par le groupe canadien Comeback Kid, les spectateurs pouvaient exulter au moment d\u2019accueillir les artistes du Sud-Ouest.<\/p>\n<p>Pogos dans la fosse<\/p>\n<p>Arriv\u00e9s un par un dans le noir et d\u00e9voil\u00e9s par une explosion de stroboscopes et flammes sur Only Pain. Un titre fait de souffrance et d\u2019illusion port\u00e9 par la voix profonde de Joe Duplantier.<\/p>\n<p>Ce dernier reprenait quelques instants sa guitare pour l\u2019encha\u00eenement sur The Axe. Et de taquiner\u00a0: \u00ab\u00a0Vous avez envie de vous faire bourriner la gueule Marseille \u00e7a se voit.\u00a0\u00bb Le chanteur ne croyait pas si bien dire, <a href=\"https:\/\/www.laprovence.com\/article\/region\/1250586701382314\/cest-comme-monter-une-ville-dans-les-coulisses-du-delta-festival-a-marseille\" target=\"_blank\" rel=\"noopener\">tant les pogos allaient bon train dans la fosse<\/a>, o\u00f9 les verres plus ou moins remplis de bi\u00e8res volaient dans tous les sens. Quant aux nuques, elles \u00e9taient tout autant mises au supplice par la puissance de Backbone, From The Sky ou encore The Cell.<\/p>\n<p><img alt=\"Gojira poursuivait son tour des grandes salles fran\u00e7aises ce samedi soir au D\u00f4me.\" loading=\"lazy\" decoding=\"async\" data-nimg=\"fill\" class=\" TwicCore_img__i9TC1 undefined  undefined\" style=\"position:absolute;height:100%;width:100%;left:0;top:0;right:0;bottom:0;color:transparent;background-size:cover;background-position:50% 50%;background-repeat:no-repeat;background-image:url(&quot;data:image\/svg+xml;charset=utf-8,%3Csvg xmlns='http:\/\/www.w3.org\/2000\/svg' %3E%3Cfilter id='b' color-interpolation-filters='sRGB'%3E%3CfeGaussianBlur stdDeviation='20'\/%3E%3CfeColorMatrix values='1 0 0 0 0 0 1 0 0 0 0 0 1 0 0 0 0 0 100 -1' result='s'\/%3E%3CfeFlood x='0' y='0' width='100%25' height='100%25'\/%3E%3CfeComposite operator='out' in='s'\/%3E%3CfeComposite in2='SourceGraphic'\/%3E%3CfeGaussianBlur stdDeviation='20'\/%3E%3C\/filter%3E%3Cimage width='100%25' height='100%25' x='0' y='0' preserveAspectRatio='none' style='filter: url(%23b);' href='https:\/\/pictures.laprovence.com\/cdn-cgi\/image\/blur=250\/media\/melody\/2025\/12\/06\/pla-0132-jpg-1765059714_cac9bd6a94396cec9bd6a943992d9bv_.jpg'\/%3E%3C\/svg%3E&quot;)\"   src=\"https:\/\/www.europesays.com\/fr\/wp-content\/uploads\/2025\/12\/pla-0132-jpg-1765059714_cac9bd6a94396cec9bd6a943992d9bv_.jpg\"\/>Gojira poursuivait son tour des grandes salles fran\u00e7aises ce samedi soir au D\u00f4me. \/ PHOTO PHILIPPE LAURENSON<\/p>\n<p>Des incontournables du r\u00e9pertoire de Gojira, qui s\u2019appuyait \u00e9galement sur son dernier album en date, Fortitude (2021). \u00c0 commencer par\u00a0Born For One Thing, \u00e9voquant la peur de la mort et l\u2019acceptation de son destin. Ou encore Another World, et son d\u00e9sir d\u2019\u00e9vasion d\u2019un monde bien sombre. Pr\u00eat \u00e0 se faire chambrer par son public du Sud, le groupe prenait la foudre en confessant n\u2019\u00eatre venu \u00ab\u00a0que deux fois ici\u00a0\u00bb. Avant que les frangins Duplantier ne provoquent les rires en se taclant \u00e0 tour de r\u00f4le.<\/p>\n<p>Notes d\u00e9vastatrices<\/p>\n<p>\u00c0 grand renfort de double p\u00e9dale, Mario assurait cependant la cadence, torse nu derri\u00e8re sa batterie. Et il fallait bien \u00e7a pour porter des th\u00e8mes forts comme la qu\u00eate existentielle ou encore le combat pour la culture, dans un D\u00f4me \u00e0 l\u2019atmosph\u00e8re flirtant avec la limite du respirable. Le moment que tout le monde attendait arrivait aux deux-tiers du concert, quand Joe Duplantier lan\u00e7ait\u00a0: \u00ab\u00a0Le prochain morceau parle de bain de sang, de d\u00e9capitation et de R\u00e9publique\u00a0!\u00a0\u00bb<\/p>\n<p>La clameur \u00e9tait alors supplant\u00e9e par les notes d\u00e9vastatrices de\u00a0Mea Culpa (Ah\u00a0! \u00c7a ira\u00a0!), accompagn\u00e9 de sa gicl\u00e9e de sang g\u00e9ante en papier, qui a fait de Gojira <a href=\"https:\/\/www.laprovence.com\/article\/culture-loisirs\/6011378622530\/grammy-awards-les-francais-de-gojira-sacres-pour-leur-prestation-aux-jo\" target=\"_blank\" rel=\"noopener\">une r\u00e9f\u00e9rence pour le grand public lors des JO de Paris\u00a02024<\/a>. Si la mezzo-soprano <a href=\"https:\/\/www.laprovence.com\/article\/culture-loisirs\/2182329413516315\/marina-viotti-la-diva-des-j-o-a-marseille\" target=\"_blank\" rel=\"noopener\">Marina Viotti<\/a> n\u2019\u00e9tait pas pr\u00e9sente, sa voix a bel et bien r\u00e9sonn\u00e9. Occasionnant quelques frissons sur ce titre inspir\u00e9 du c\u00e9l\u00e8bre chant r\u00e9volutionnaire, et dont la r\u00e9sonnance, en cette p\u00e9riode de d\u00e9fiance citoyenne envers la classe politique, \u00e9tait lourde de sens.<\/p>\n<p>Le groupe n\u2019avait alors plus qu\u2019\u00e0 d\u00e9rouler la fin de son set, marqu\u00e9e par\u00a0Amazonia, et son cri d\u2019alerte sur les cons\u00e9quences terribles de la d\u00e9forestation en Amazonie. Mais aussi par la col\u00e8re brute exprim\u00e9e sur L\u2019Enfant Sauvage. Les ultimes notes faisaient r\u00e9sonner\u00a0Global Warming, \u00e9voquant\u00a0la destruction de la plan\u00e8te par les humains et la n\u00e9cessit\u00e9 de se poser les bonnes questions pour la pr\u00e9server. Mais m\u00eame dans le chaos, Gojira rallumait la lumi\u00e8re en clamant\u00a0\u00ab\u00a0We will see our children growing\u00a0\u00bb (Nous verrons nos enfants grandir).<\/p>\n","protected":false},"excerpt":{"rendered":"Le public marseillais attendait une d\u00e9flagration, il en a eu \u00e0 r\u00e9p\u00e9tition ce samedi soir au D\u00f4me, o\u00f9&hellip;\n","protected":false},"author":2,"featured_media":583052,"comment_status":"","ping_status":"","sticky":false,"template":"","format":"standard","meta":{"footnotes":""},"categories":[2814],"tags":[17,1111,11,1697,251,11390,1777,674,1011,27,60269,884,12,882,25,23172],"class_list":{"0":"post-583051","1":"post","2":"type-post","3":"status-publish","4":"format-standard","5":"has-post-thumbnail","7":"category-marseille","8":"tag-17","9":"tag-actu","10":"tag-actualites","11":"tag-concert","12":"tag-culture","13":"tag-dome","14":"tag-eu","15":"tag-europe","16":"tag-fr","17":"tag-france","18":"tag-gojira","19":"tag-marseille","20":"tag-news","21":"tag-provence-alpes-cote-dazur","22":"tag-republique-francaise","23":"tag-revolution"},"share_on_mastodon":{"url":"https:\/\/pubeurope.com\/@fr\/115675123996878691","error":""},"_links":{"self":[{"href":"https:\/\/www.europesays.com\/fr\/wp-json\/wp\/v2\/posts\/583051","targetHints":{"allow":["GET"]}}],"collection":[{"href":"https:\/\/www.europesays.com\/fr\/wp-json\/wp\/v2\/posts"}],"about":[{"href":"https:\/\/www.europesays.com\/fr\/wp-json\/wp\/v2\/types\/post"}],"author":[{"embeddable":true,"href":"https:\/\/www.europesays.com\/fr\/wp-json\/wp\/v2\/users\/2"}],"replies":[{"embeddable":true,"href":"https:\/\/www.europesays.com\/fr\/wp-json\/wp\/v2\/comments?post=583051"}],"version-history":[{"count":0,"href":"https:\/\/www.europesays.com\/fr\/wp-json\/wp\/v2\/posts\/583051\/revisions"}],"wp:featuredmedia":[{"embeddable":true,"href":"https:\/\/www.europesays.com\/fr\/wp-json\/wp\/v2\/media\/583052"}],"wp:attachment":[{"href":"https:\/\/www.europesays.com\/fr\/wp-json\/wp\/v2\/media?parent=583051"}],"wp:term":[{"taxonomy":"category","embeddable":true,"href":"https:\/\/www.europesays.com\/fr\/wp-json\/wp\/v2\/categories?post=583051"},{"taxonomy":"post_tag","embeddable":true,"href":"https:\/\/www.europesays.com\/fr\/wp-json\/wp\/v2\/tags?post=583051"}],"curies":[{"name":"wp","href":"https:\/\/api.w.org\/{rel}","templated":true}]}}