{"id":583053,"date":"2025-12-06T23:04:11","date_gmt":"2025-12-06T23:04:11","guid":{"rendered":"https:\/\/www.europesays.com\/fr\/583053\/"},"modified":"2025-12-06T23:04:11","modified_gmt":"2025-12-06T23:04:11","slug":"le-classement-de-noemie-baiamonte-miss-rhone-alpes","status":"publish","type":"post","link":"https:\/\/www.europesays.com\/fr\/583053\/","title":{"rendered":"le classement de No\u00e9mie Baiamonte, Miss Rh\u00f4ne-Alpes"},"content":{"rendered":"<p>Samedi soir, lors du concours Miss France diffus\u00e9 en prime time sur TF1 , No\u00e9mie Baiamonte n\u2019a pas d\u00e9m\u00e9rit\u00e9 mais n\u2019a pas su se distinguer en se qualifiant parmi les 12 demi-finalistes de cette \u00e9dition 2025. Dans son portrait, tourn\u00e9 \u00e0 P\u00e9rouges, <a href=\"https:\/\/www.leprogres.fr\/societe\/2025\/11\/07\/avant-j-etais-une-etudiante-comme-une-autre-comment-noemie-baiamonte-se-prepare-pour-miss-france\" target=\"_blank\" rel=\"noopener\">No\u00e9mie Baiamonte<\/a> a partag\u00e9 sa passion pour la peinture. Miss Rh\u00f4ne-Alpes, \u00e9tudiante en maquillage et effets sp\u00e9ciaux \u00e0 Villeurbanne, a soulign\u00e9 son souhait d\u2019exercer un m\u00e9tier alliant cr\u00e9ativit\u00e9 et savoir-faire. La perfectionniste a tent\u00e9 de convaincre les Fran\u00e7ais, en vain.<\/p>\n<p>L\u2019ex Miss Lyon devenue Miss France, Sylvie Tellier, a ouvert l\u2019\u00e9lection accompagn\u00e9e d\u2019\u00c9lodie Gossuin et Laury Thilleman.<\/p>\n<p>  30 miss r\u00e9gionales en comp\u00e9tition<\/p>\n<p>Elles \u00e9taient trente miss r\u00e9gionales \u00e0 esp\u00e9rer succ\u00e9der \u00e0 Ang\u00e9lique Angarni-Filopon, Miss France 2025.\u00a0Le spectacle \u00e9tait cette ann\u00e9e autour du voyage, intitul\u00e9 Le voyage des Miss. Il y a eu en tout 9 tableaux inspir\u00e9s des ann\u00e9es 40 aux ann\u00e9es futuristes.<\/p>\n<p>La fanfare de la Garde r\u00e9publicaine a repris le Lac du Connemara pour le d\u00e9fil\u00e9 en costume r\u00e9gional. No\u00e9mie \u00e9tait reconnaissable avec sa tenue en hommage <a href=\"https:\/\/www.leprogres.fr\/societe\/2025\/11\/15\/son-costume-guignol-rendra-hommage-a-lyon-sur-la-scene-de-miss-france\" target=\"_blank\" rel=\"noopener\">\u00e0 la figure du Guignol<\/a>.<\/p>\n<p>Apr\u00e8s deux jurys 100\u00a0% f\u00e9minins, celui qui a d\u00e9sign\u00e9 la gagnante \u00e9tait \u00e0 nouveau mixte. Pr\u00e9sid\u00e9 par Mich\u00e8le Bernier, les six membres venaient d\u2019horizon diff\u00e9rent\u00a0: le journaliste Bruce Toussaint, l\u2019ancienne Miss France Camille Cerf, la cr\u00e9atrice de contenus Sally, la chanteuse Axelle Saint-Cirel et les humoristes Philippe Caverivi\u00e8re et Tom Villa.<\/p>\n","protected":false},"excerpt":{"rendered":"Samedi soir, lors du concours Miss France diffus\u00e9 en prime time sur TF1 , No\u00e9mie Baiamonte n\u2019a pas&hellip;\n","protected":false},"author":2,"featured_media":583054,"comment_status":"","ping_status":"","sticky":false,"template":"","format":"standard","meta":{"footnotes":""},"categories":[1889],"tags":[1111,11,2738,2430,6751,2757,1777,674,107,1011,27,3367,2428,2756,3034,12,69657,25,2429,104,2205],"class_list":{"0":"post-583053","1":"post","2":"type-post","3":"status-publish","4":"format-standard","5":"has-post-thumbnail","7":"category-lyon","8":"tag-actu","9":"tag-actualites","10":"tag-ain","11":"tag-auvergne-rhone-alpes","12":"tag-edition-ain-ouest","13":"tag-edition-lyon-villeurbanne","14":"tag-eu","15":"tag-europe","16":"tag-fil-info","17":"tag-fr","18":"tag-france","19":"tag-loire","20":"tag-lyon","21":"tag-lyon-bassin","22":"tag-miss-france","23":"tag-news","24":"tag-replonges","25":"tag-republique-francaise","26":"tag-rhone","27":"tag-societe","28":"tag-television-medias"},"share_on_mastodon":{"url":"https:\/\/pubeurope.com\/@fr\/115675127205475342","error":""},"_links":{"self":[{"href":"https:\/\/www.europesays.com\/fr\/wp-json\/wp\/v2\/posts\/583053","targetHints":{"allow":["GET"]}}],"collection":[{"href":"https:\/\/www.europesays.com\/fr\/wp-json\/wp\/v2\/posts"}],"about":[{"href":"https:\/\/www.europesays.com\/fr\/wp-json\/wp\/v2\/types\/post"}],"author":[{"embeddable":true,"href":"https:\/\/www.europesays.com\/fr\/wp-json\/wp\/v2\/users\/2"}],"replies":[{"embeddable":true,"href":"https:\/\/www.europesays.com\/fr\/wp-json\/wp\/v2\/comments?post=583053"}],"version-history":[{"count":0,"href":"https:\/\/www.europesays.com\/fr\/wp-json\/wp\/v2\/posts\/583053\/revisions"}],"wp:featuredmedia":[{"embeddable":true,"href":"https:\/\/www.europesays.com\/fr\/wp-json\/wp\/v2\/media\/583054"}],"wp:attachment":[{"href":"https:\/\/www.europesays.com\/fr\/wp-json\/wp\/v2\/media?parent=583053"}],"wp:term":[{"taxonomy":"category","embeddable":true,"href":"https:\/\/www.europesays.com\/fr\/wp-json\/wp\/v2\/categories?post=583053"},{"taxonomy":"post_tag","embeddable":true,"href":"https:\/\/www.europesays.com\/fr\/wp-json\/wp\/v2\/tags?post=583053"}],"curies":[{"name":"wp","href":"https:\/\/api.w.org\/{rel}","templated":true}]}}