{"id":583055,"date":"2025-12-06T23:05:12","date_gmt":"2025-12-06T23:05:12","guid":{"rendered":"https:\/\/www.europesays.com\/fr\/583055\/"},"modified":"2025-12-06T23:05:12","modified_gmt":"2025-12-06T23:05:12","slug":"la-police-blesse-et-tue-le-maire-de-lyon-condamne-des-messages-projetes-pendant-la-fete-des-lumieres","status":"publish","type":"post","link":"https:\/\/www.europesays.com\/fr\/583055\/","title":{"rendered":"\u00ab\u00a0La police blesse et tue\u00a0\u00bb\u00a0: le maire de Lyon condamne des messages projet\u00e9s pendant la f\u00eate des Lumi\u00e8res"},"content":{"rendered":"<p class=\"paragraph text_align_left lp-f-body-02\">La pr\u00e9fecture d\u00e9nonce un \u00ab insupportable message de haine \u00bb. Ce samedi, en pleine <a href=\"https:\/\/www.leparisien.fr\/rhone-69\/la-fete-des-lumieres-de-lyon-a-t-elle-vendu-son-ame-a-netflix-03-12-2025-SCQ2ONWL65HFNA7LQUE4IDB6AU.php\" target=\"_blank\" rel=\"noreferrer noopener\">F\u00eate des Lumi\u00e8res<\/a>, plusieurs messages \u00e0 connotation politiques ont \u00e9t\u00e9 projet\u00e9s sur la fa\u00e7ade du palais Saint-Pierre, <a href=\"https:\/\/www.leparisien.fr\/guide-shopping\/loisirs-voyages\/voyages\/que-faire-a-lyon-en-2-jours-27-11-2025-ABP2R4B5EVAZLAALHTZLIR3MYQ.php\" target=\"_blank\" rel=\"noreferrer noopener\">\u00e0 Lyon<\/a>, comme le rapporte <a href=\"https:\/\/www.lyonmag.com\/article\/148768\/la-police-blesse-et-tue-des-messages-projetes-a-lyon-pendant-la-fete-des-lumieres-la-prefete-condamne\" target=\"_blank\" rel=\"noreferrer noopener\">LyonMag<\/a>. Des actes imm\u00e9diatement d\u00e9nonc\u00e9s par les autorit\u00e9s.<\/p>\n<p class=\"paragraph text_align_left lp-f-body-02\">Les nombreux habitants et visiteurs venus pour profiter du spectacle ont notamment pu lire \u00ab on d\u00e9gage le RN \u00bb, \u00ab non \u00e0 l\u2019\u00c9tat policier \u00bb, \u00ab <a href=\"https:\/\/www.leparisien.fr\/faits-divers\/manifestations-a-sainte-soline-lenquete-pour-violences-ouverte-contre-des-gendarmes-classee-sans-suite-04-12-2025-RNVMRFVGBVCL7F4PD52KAB2DW4.php\" target=\"_blank\" rel=\"noreferrer noopener\">Sainte-Soline<\/a>, ni oubli, ni pardon \u00bb, \u00ab la violence polici\u00e8re est partout \u00bb ou encore \u00ab la police blesse et tue \u00bb.<\/p>\n<p class=\"paragraph text_align_left lp-f-body-02\">La pr\u00e9f\u00e8te du Rh\u00f4ne,<a href=\"https:\/\/www.leparisien.fr\/faits-divers\/un-sentiment-dimpunite-la-prefete-du-rhone-denonce-la-difficulte-a-expulser-les-delinquants-algeriens-en-situation-irreguliere-30-07-2025-Y6DCLS2G65EJXEBHS5RHKD4JZA.php\" target=\"_blank\" rel=\"noopener\"> Fabienne Buccio<\/a>, a imm\u00e9diatement condamn\u00e9 cet acte et dit apporter son \u00ab ind\u00e9fectible soutien \u00e0 nos forces de l\u2019ordre qui mettent en danger leur vie, \u00e0 chaque instant, pour la s\u00e9curit\u00e9 de nos concitoyens \u00bb.<\/p>\n<p>\u00ab Une atteinte grave \u00e0 nos institutions \u00bb<\/p>\n<p class=\"paragraph text_align_left lp-f-body-02\">Le<a href=\"https:\/\/www.leparisien.fr\/politique\/le-maire-de-lyon-gregory-doucet-victime-dun-malaise-et-hospitalise-02-12-2025-UA5HF2KXRRCXJLLPBF3N2EKX4Y.php\" target=\"_blank\" rel=\"noreferrer noopener\"> maire (EELV) de Lyon Gr\u00e9gory Doucet<\/a> a lui aussi regrett\u00e9 des \u00ab propos violents envers les forces de police qui participent \u00e0 la s\u00e9curit\u00e9 des Lyonnais et des visiteurs pour la F\u00eate des Lumi\u00e8res \u00bb.<\/p>\n<p class=\"lp-card-podcast-highlighting__title  lp-f-subtitle-05\">[1\/2] L\u2019affaire du Bois Bleu : le banquier assassin\u00e9 et le poison de la rumeur <\/p>\n<p><a class=\"lp-card-podcast-highlighting__call-to-action\" data-page-type=\"HP\" data-block-name=\"podcast-highlight\">\u00c9couter<\/a><\/p>\n<p class=\"paragraph text_align_left lp-f-body-02\"><a href=\"https:\/\/www.leparisien.fr\/elections\/municipales\/municipales-2026-a-lyon-jean-michel-aulas-au-match-des-legendes-de-lol-lopposition-veut-quil-respecte-les-regles-electorales-01-12-2025-57THUJF5B5HRLFDAZXK3KEQTLI.php\" target=\"_blank\" rel=\"noreferrer noopener\">Jean-Michel Aulas<\/a>, candidat aux \u00e9lections municipales de 2026, a lui aussi fustig\u00e9 des \u00ab propos insupportables contre la police \u00bb, \u00ab une atteinte grave \u00e0 nos institutions et un message dangereux qui salit celles et ceux qui prot\u00e8gent les Lyonnais chaque jour \u00bb.<\/p>\n<p class=\"paragraph text_align_left lp-f-body-02\">\u00ab Accuser la Police de \u00ab tuer \u00bb pendant que nous prot\u00e9geons des milliers de personnes, c\u2019est diffamer et attiser la haine contre ceux qui assurent votre s\u00e9curit\u00e9 \u00bb, a d\u00e9clar\u00e9 de son c\u00f4t\u00e9 le syndicat policier Alliance sur les r\u00e9seaux sociaux.<\/p>\n<p class=\"paragraph text_align_left lp-f-body-02\">Pour l\u2019heure, les autorit\u00e9s sont toujours \u00e0 la recherche du ou des auteurs de ces messages.<\/p>\n","protected":false},"excerpt":{"rendered":"La pr\u00e9fecture d\u00e9nonce un \u00ab insupportable message de haine \u00bb. Ce samedi, en pleine F\u00eate des Lumi\u00e8res, plusieurs&hellip;\n","protected":false},"author":2,"featured_media":583056,"comment_status":"","ping_status":"","sticky":false,"template":"","format":"standard","meta":{"footnotes":""},"categories":[1889],"tags":[1111,11,2430,459,1777,674,118,1011,27,2428,12,25],"class_list":{"0":"post-583055","1":"post","2":"type-post","3":"status-publish","4":"format-standard","5":"has-post-thumbnail","7":"category-lyon","8":"tag-actu","9":"tag-actualites","10":"tag-auvergne-rhone-alpes","11":"tag-departements-horsidfo","12":"tag-eu","13":"tag-europe","14":"tag-faits-divers","15":"tag-fr","16":"tag-france","17":"tag-lyon","18":"tag-news","19":"tag-republique-francaise"},"share_on_mastodon":{"url":"https:\/\/pubeurope.com\/@fr\/115675130928590434","error":""},"_links":{"self":[{"href":"https:\/\/www.europesays.com\/fr\/wp-json\/wp\/v2\/posts\/583055","targetHints":{"allow":["GET"]}}],"collection":[{"href":"https:\/\/www.europesays.com\/fr\/wp-json\/wp\/v2\/posts"}],"about":[{"href":"https:\/\/www.europesays.com\/fr\/wp-json\/wp\/v2\/types\/post"}],"author":[{"embeddable":true,"href":"https:\/\/www.europesays.com\/fr\/wp-json\/wp\/v2\/users\/2"}],"replies":[{"embeddable":true,"href":"https:\/\/www.europesays.com\/fr\/wp-json\/wp\/v2\/comments?post=583055"}],"version-history":[{"count":0,"href":"https:\/\/www.europesays.com\/fr\/wp-json\/wp\/v2\/posts\/583055\/revisions"}],"wp:featuredmedia":[{"embeddable":true,"href":"https:\/\/www.europesays.com\/fr\/wp-json\/wp\/v2\/media\/583056"}],"wp:attachment":[{"href":"https:\/\/www.europesays.com\/fr\/wp-json\/wp\/v2\/media?parent=583055"}],"wp:term":[{"taxonomy":"category","embeddable":true,"href":"https:\/\/www.europesays.com\/fr\/wp-json\/wp\/v2\/categories?post=583055"},{"taxonomy":"post_tag","embeddable":true,"href":"https:\/\/www.europesays.com\/fr\/wp-json\/wp\/v2\/tags?post=583055"}],"curies":[{"name":"wp","href":"https:\/\/api.w.org\/{rel}","templated":true}]}}