{"id":583057,"date":"2025-12-06T23:07:17","date_gmt":"2025-12-06T23:07:17","guid":{"rendered":"https:\/\/www.europesays.com\/fr\/583057\/"},"modified":"2025-12-06T23:07:17","modified_gmt":"2025-12-06T23:07:17","slug":"dans-miss-france-2026-miss-aquitaine-etait-habillee-en-huitre-et-personne-ne-sy-attendait","status":"publish","type":"post","link":"https:\/\/www.europesays.com\/fr\/583057\/","title":{"rendered":"Dans Miss France 2026, Miss Aquitaine \u00e9tait habill\u00e9e en hu\u00eetre et personne ne s\u2019y attendait"},"content":{"rendered":"<p>        <img decoding=\"async\" loading=\"lazy\" src=\"https:\/\/www.europesays.com\/fr\/wp-content\/uploads\/2025\/12\/b999603_upload-1-5jbfraubv9bn-capture-d-ecran-2025-12-06-222248.png\"  width=\"728\" height=\"410\" alt=\"A\u00efnhoa Lahitete, Miss Aquitaine 2026\u00a0d\u00e9file en hu\u00eetre sur le plateau de Miss FRance 2026\"\/>  <\/p>\n<p>TF1<\/p>\n<p>A\u00efnhoa Lahitete, Miss Aquitaine 2026\u00a0d\u00e9file en hu\u00eetre sur le plateau de Miss FRance 2026<\/p>\n<p class=\"asset asset-text\">Il y avait \u00e0 boire et \u00e0 manger, mais pas n\u2019importe quoi. Ce samedi 6\u00a0d\u00e9cembre au soir, TF1\u00a0diffuse l\u2019<a href=\"https:\/\/www.huffingtonpost.fr\/divertissement\/article\/miss-france-2026-derriere-les-paillettes-tout-n-a-jamais-ete-rose-en-coulisses_257890.html\" target=\"_blank\" rel=\"noopener\">\u00e9lection de Miss France 2026<\/a>. Les <a href=\"https:\/\/www.huffingtonpost.fr\/divertissement\/video\/miss-france-2026-avec-sa-musique-de-star-wars-ce-tableau-futuriste-n-a-pas-manque-de-surprendre_257939.html\" target=\"_blank\" rel=\"noopener\">tableaux s\u2019encha\u00eenent<\/a> jusqu\u2019au moment fatidique qui verra Ang\u00e9lique Angarni-Filopon remettre sa couronne \u00e0 la prochaine Miss France. Et l\u2019un des moments les plus attendus de la soir\u00e9e n\u2019est autre que le d\u00e9fil\u00e9 de costumes r\u00e9gionaux des <a href=\"https:\/\/www.huffingtonpost.fr\/divertissement\/article\/miss-france-2026-se-trouve-parmi-ces-30-candidates-decouvrez-leurs-portraits-officiels-clx2_255919.html\" target=\"_blank\" rel=\"noopener\">30\u00a0candidates<\/a>. Cette ann\u00e9e encore, il n\u2019a pas d\u00e9\u00e7u, avec pour certaines une tenue li\u00e9e aux sp\u00e9cialit\u00e9s gastroniques de leur r\u00e9gion.<\/p>\n<p class=\"asset asset-text\">Certaines candidates affichaient des r\u00e9f\u00e9rences culturelles comme un vitrail rappelant celui de Notre Dame pour Miss \u00cele-de-France, un costume fa\u00e7on L\u00e9onard de Vinci pour Miss Centre-Val de Loire, ou encore un mousquetaire fa\u00e7on Alexandre Dumas pour Miss Picardie. D\u2019autres ont d\u00e9fil\u00e9 dans des costumes directement li\u00e9s \u00e0 leur r\u00e9gion, le drapeau breton pour Miss Bretagne, pour Miss Nord Pas de Calais un costume de marin, une b\u00eate du Gevaudan pour Miss Auvergne, ou encore la cigogne pour Miss Alsace. Et il y avait aussi des costumes imagin\u00e9s d\u2019apr\u00e8s les traditions culinaires.<\/p>\n<p>         <img decoding=\"async\" loading=\"lazy\" src=\"https:\/\/www.europesays.com\/fr\/wp-content\/uploads\/2025\/12\/d6c7aea_upload-1-ofho5mmuz86u-capture-d-ecran-2025-12-06-221901.png\"  width=\"728\" height=\"406\" alt=\"Miss Ile de France sur Miss France 2026\"\/>  <\/p>\n<p>TF1<\/p>\n<p>Miss Ile de France sur Miss France 2026<\/p>\n<p class=\"asset asset-text\">En la mati\u00e8re, c\u2019est Miss Aquitaine qui remporte sans doute le prix de la surprise, puisqu\u2019elle a d\u00e9fil\u00e9 dans un costume d\u2019hu\u00eetre. Intitul\u00e9 l\u2019Imp\u00e9ratrice du bassin, il a \u00e9t\u00e9 cr\u00e9\u00e9 par Oc\u00e9ane Lamare pour A\u00efnhoa Lahitete, Miss Aquitaine 2026. La jeune femme a donc d\u00e9fil\u00e9 portant dans son dos une reproduction g\u00e9ante de coquille d\u2019hu\u00eetre. Ce choix a fait beaucoup r\u00e9agir les t\u00e9l\u00e9spectateurs \u00ab\u00a0Aquitaine d\u00e9guis\u00e9e en hu\u00eetre d\u2019Ol\u00e9ron mon dieu\u00a0\u00bb, \u00ab\u00a0C\u2019\u00e9tait serr\u00e9 avec l\u2019hu\u00eetre, l\u00e0\u00a0\u00bb , \u00ab\u00a0Il y a une robe hu\u00eetre ou je r\u00eave l\u00e0\u00a0?\u00a0\u00bb ou encore \u00ab\u00a0Apr\u00e8s le saumon \u00e0 Miss Univers, l\u2019hu\u00eetre \u00e0 Miss France au secours\u00a0\u00bb. Il y a quelques jours se tenait en effet l\u2019\u00e9lection de Miss UNivers lors de laquelle Miss Norv\u00e8ge avec d\u00e9fil\u00e9 dans une robe en forme de saumon, poisson embl\u00e9matique de son pays.<\/p>\n<p>         <img decoding=\"async\" loading=\"lazy\" src=\"https:\/\/www.europesays.com\/fr\/wp-content\/uploads\/2025\/12\/80c6d6b_upload-1-ioqkkzdqcn8l-capture-d-ecran-2025-12-06-222209.png\"  width=\"728\" height=\"410\" alt=\"Miss Guyane sur le plateau de Miss France 2026\"\/>   <\/p>\n<p>Miss Guyane sur le plateau de Miss France 2026<\/p>\n<p class=\"asset asset-text\">Ce samedi 6\u00a0d\u00e9cembre, ce n\u2019est pas la styliste de miss Aquitaine qui a remport\u00e9 le prix du plus beau costume r\u00e9gional d\u00e9cern\u00e9 tous les ans, mais James Paris, celui de Miss Guyane qui portait une robe recouverte d\u2019oiseaux color\u00e9s, qui entravait d\u2019ailleurs quelque peu ses mouvements.<\/p>\n<p class=\"asset asset-text\">La soir\u00e9e suit en attendant son cours. Au total, ce sont 10\u00a0tableaux imagin\u00e9s autour du th\u00e8me du voyage qui sont pr\u00e9vus jusqu\u2019\u00e0 l\u2019instant tant attendu de la r\u00e9v\u00e9lation du nom de Miss France 2026.<\/p>\n","protected":false},"excerpt":{"rendered":"TF1 A\u00efnhoa Lahitete, Miss Aquitaine 2026\u00a0d\u00e9file en hu\u00eetre sur le plateau de Miss FRance 2026 Il y avait&hellip;\n","protected":false},"author":2,"featured_media":583058,"comment_status":"","ping_status":"","sticky":false,"template":"","format":"standard","meta":{"footnotes":""},"categories":[1592],"tags":[1111,11,58,1777,674,1011,27,662,3034,68926,12,626,25,199],"class_list":{"0":"post-583057","1":"post","2":"type-post","3":"status-publish","4":"format-standard","5":"has-post-thumbnail","7":"category-ile-de-france","8":"tag-actu","9":"tag-actualites","10":"tag-divertissement","11":"tag-eu","12":"tag-europe","13":"tag-fr","14":"tag-france","15":"tag-ile-de-france","16":"tag-miss-france","17":"tag-miss-france-2026","18":"tag-news","19":"tag-paris","20":"tag-republique-francaise","21":"tag-tf1"},"share_on_mastodon":{"url":"https:\/\/pubeurope.com\/@fr\/115675140052739476","error":""},"_links":{"self":[{"href":"https:\/\/www.europesays.com\/fr\/wp-json\/wp\/v2\/posts\/583057","targetHints":{"allow":["GET"]}}],"collection":[{"href":"https:\/\/www.europesays.com\/fr\/wp-json\/wp\/v2\/posts"}],"about":[{"href":"https:\/\/www.europesays.com\/fr\/wp-json\/wp\/v2\/types\/post"}],"author":[{"embeddable":true,"href":"https:\/\/www.europesays.com\/fr\/wp-json\/wp\/v2\/users\/2"}],"replies":[{"embeddable":true,"href":"https:\/\/www.europesays.com\/fr\/wp-json\/wp\/v2\/comments?post=583057"}],"version-history":[{"count":0,"href":"https:\/\/www.europesays.com\/fr\/wp-json\/wp\/v2\/posts\/583057\/revisions"}],"wp:featuredmedia":[{"embeddable":true,"href":"https:\/\/www.europesays.com\/fr\/wp-json\/wp\/v2\/media\/583058"}],"wp:attachment":[{"href":"https:\/\/www.europesays.com\/fr\/wp-json\/wp\/v2\/media?parent=583057"}],"wp:term":[{"taxonomy":"category","embeddable":true,"href":"https:\/\/www.europesays.com\/fr\/wp-json\/wp\/v2\/categories?post=583057"},{"taxonomy":"post_tag","embeddable":true,"href":"https:\/\/www.europesays.com\/fr\/wp-json\/wp\/v2\/tags?post=583057"}],"curies":[{"name":"wp","href":"https:\/\/api.w.org\/{rel}","templated":true}]}}