{"id":583059,"date":"2025-12-06T23:08:12","date_gmt":"2025-12-06T23:08:12","guid":{"rendered":"https:\/\/www.europesays.com\/fr\/583059\/"},"modified":"2025-12-06T23:08:12","modified_gmt":"2025-12-06T23:08:12","slug":"psg-rennes-5-0-un-paris-europeen-avant-la-ligue-des-champions","status":"publish","type":"post","link":"https:\/\/www.europesays.com\/fr\/583059\/","title":{"rendered":"PSG-Rennes (5-0)\u00a0: un Paris europ\u00e9en avant la Ligue des champions"},"content":{"rendered":"<p class=\"paragraph text_align_left lp-f-body-02\">Le match Lens-Paris peut commencer, avec surveillance du calendrier mutuel, des forces et faiblesses de chacun, du rendez-vous en 2026 du deuxi\u00e8me chez le premier. Il ressemblera au remake de la seule saison de Christophe Galtier sur le banc, avec un titre de champion de France. Quand il a sign\u00e9 en juillet 2023 \u00e0 Paris, Luis Enrique a d\u00fb jeter un \u0153il sur le classement pr\u00e9c\u00e9dent, avec un <a href=\"https:\/\/www.leparisien.fr\/sports\/football\/psg\/\" target=\"_blank\" rel=\"noreferrer noopener\">PSG <\/a>devan\u00e7ant d\u2019un seul point Lens, qu\u2019il ne devait pas conna\u00eetre \u00e0 l\u2019\u00e9poque.<\/p>\n<p class=\"paragraph text_align_left lp-f-body-02\"><a href=\"https:\/\/www.leparisien.fr\/sports\/football\/ligue-1\/a-nous-detre-dans-un-esprit-de-combat-franck-haise-appelle-a-la-mobilisation-contre-angers-06-12-2025-WTM4BCM7WZHTTARBNWLRFMOY64.php\" target=\"_blank\" rel=\"noreferrer noopener\">Franck Haise<\/a>, qui a d\u2019autres soucis depuis, l\u2019entra\u00eenait et Pierre Sage, d\u00e9sormais aux commandes, semble r\u00e9inventer le concept de l\u2019\u00e9quipe surprise qui a la gueule pour cr\u00e9er une immense sensation.<\/p>\n<p class=\"paragraph text_align_left lp-f-body-02\">En corrigeant Rennes (5-0) ce samedi soir, les champions d\u2019Europe ont permis ce sc\u00e9nario en revenant \u00e0 un point des Nordistes, <a href=\"https:\/\/www.leparisien.fr\/sports\/football\/ligue-1\/nantes-lens-1-2-les-sang-et-or-assures-detre-leaders-en-ligue-1-avant-le-match-du-psg-face-a-rennes-06-12-2025-725JV6IDSJDTLAGPGOIPFHB3RU.php\" target=\"_blank\" rel=\"noreferrer noopener\">vainqueurs plus t\u00f4t \u00e0 Nantes <\/a>(1-2). Ils ont retrouv\u00e9 des couleurs et un physique apr\u00e8s quelques jours de repos et une absence de 90 minutes \u00e0 Monaco (1-0), samedi dernier, leur pire sortie de 2025.<\/p>\n<p class=\"paragraph text_align_left lp-f-body-02\">Le r\u00e9veil de la force, incarn\u00e9e par des attaquants enfin d\u00e9cisifs avec Khvicha Kvaratskhelia double buteur ; Bradley Barcola avant-dernier passeur ; Ibrahim Mbaye pour son premier but de la saison, Gon\u00e7alo Ramos pour le 5-0 et Senny Mayulu passeur, buteur, ne raconte pas tout de PSG-Rennes.<\/p>\n<p class=\"paragraph text_align_left lp-f-body-02\">Il a fallu d\u2019abord beaucoup souffrir, avec des Bretons tr\u00e8s haut, multipliant les s\u00e9quences de possession et dangereux sur une action qui aura vu le match tourner. L\u2019arr\u00eat de Matvey Safonov, sur une frappe d\u2019Est\u00e9ban Lepaul d\u00e9vi\u00e9e des fesses de Willian Pacho, sera salu\u00e9e comme un but par le gardien russe, d\u00e9tournant le ballon sur son poteau. Sur la relance, le G\u00e9orgien ira inscrire son deuxi\u00e8me but en Ligue 1 et en solo (avant son doubl\u00e9 \u00e0 la 67e), trouvant dans le repli des hommes d\u2019Habib Beye le trou de souris pour allumer Brice Samba.<\/p>\n<p>Deuxi\u00e8me en Ligue 1 comme en Ligue des champions<\/p>\n<p class=\"paragraph text_align_left lp-f-body-02\">Elle ne dit pas non plus la nervosit\u00e9 des Parisiens, sur un \u00e9ni\u00e8me corner des Rennais, avec Vitinha et Kang-in Lee qui s\u2019embrouillent sur le marquage, un temps de palabre qui a failli co\u00fbter un but. Et quand le Portugais rapporte au capitaine les largesses du Sud-Cor\u00e9en, le Br\u00e9silien et le Ballon d\u2019or asiatique se prennent aussi le bec dans une s\u00e9quence rarement vu au PSG en 2025. C\u2019est que chaque point se m\u00e9rite, tout r\u00e9clame vigilance et concentration alors qu\u2019une forme de d\u00e9tente peut s\u2019installer. Les cadres n\u2019aiment pas \u00e7a et Paris n\u2019a pas connu sa ma\u00eetrise habituelle au milieu de terrain par exemple, affichant des retards permanents dans les duels ou le contre pressing.<\/p>\n<p class=\"paragraph text_align_left lp-f-body-02\">Les deux premiers buts venus sur chacune des ailes ont rappel\u00e9 \u00e9galement que dans sa globalit\u00e9, le jeu des champions d\u2019Europe reste entrav\u00e9 par la d\u00e9fection de ses lat\u00e9raux, les deux meilleurs du monde. Alors qu\u2019il ne reverra pas Achraf Hakimi avant 2026, il a encore une chance de r\u00e9cup\u00e9rer Nuno Mendes pour les quatre derni\u00e8res sorties de cette riche ann\u00e9e, la plus marquante de son histoire. Il est un peu sans solution pour Bilbao ce mercredi en <a href=\"https:\/\/www.leparisien.fr\/sports\/football\/ligue-des-champions\/\" target=\"_blank\" rel=\"noreferrer noopener\">Ligue des champions<\/a>, avec Lucas Beraldo bless\u00e9 et Lucas Hernandez suspendu.<\/p>\n<p class=\"paragraph text_align_left lp-f-body-02\">Luis Enrique a le temps d\u2019y penser apr\u00e8s cette seconde p\u00e9riode convaincante, l\u2019une des meilleures en L1, o\u00f9 on a retrouv\u00e9 Bradley Barcola, le vrai, apr\u00e8s des semaines de disparition, et une d\u00e9fense solide o\u00f9 Safonov a d\u00e9gag\u00e9 des ondes positives. Une bonne nouvelle parmi d\u2019autres alors que Lucas Chevalier va retrouver sa place en Ligue des champions.<\/p>\n<p class=\"paragraph text_align_left lp-f-body-02\">Paris est deuxi\u00e8me partout, en L1 et en C1, et on ne parle jamais d\u2019Ousmane Demb\u00e9l\u00e9, son Ballon d\u2019or, entr\u00e9 pour trente minutes, temps additionnel compris. Si un jour tout se remet en place, il pourrait gagner une place dans chaque classement.<\/p>\n","protected":false},"excerpt":{"rendered":"Le match Lens-Paris peut commencer, avec surveillance du calendrier mutuel, des forces et faiblesses de chacun, du rendez-vous&hellip;\n","protected":false},"author":2,"featured_media":583060,"comment_status":"","ping_status":"","sticky":false,"template":"","format":"standard","meta":{"footnotes":""},"categories":[1888],"tags":[1111,1928,11,1927,1777,674,63,1011,27,66,12,1926,626,1925,25,60],"class_list":{"0":"post-583059","1":"post","2":"type-post","3":"status-publish","4":"format-standard","5":"has-post-thumbnail","7":"category-paris","8":"tag-actu","9":"tag-actu-paris","10":"tag-actualites","11":"tag-actualites-paris","12":"tag-eu","13":"tag-europe","14":"tag-football","15":"tag-fr","16":"tag-france","17":"tag-ligue-1","18":"tag-news","19":"tag-news-paris","20":"tag-paris","21":"tag-paris-news","22":"tag-republique-francaise","23":"tag-sports"},"share_on_mastodon":{"url":"https:\/\/pubeurope.com\/@fr\/115675142861441332","error":""},"_links":{"self":[{"href":"https:\/\/www.europesays.com\/fr\/wp-json\/wp\/v2\/posts\/583059","targetHints":{"allow":["GET"]}}],"collection":[{"href":"https:\/\/www.europesays.com\/fr\/wp-json\/wp\/v2\/posts"}],"about":[{"href":"https:\/\/www.europesays.com\/fr\/wp-json\/wp\/v2\/types\/post"}],"author":[{"embeddable":true,"href":"https:\/\/www.europesays.com\/fr\/wp-json\/wp\/v2\/users\/2"}],"replies":[{"embeddable":true,"href":"https:\/\/www.europesays.com\/fr\/wp-json\/wp\/v2\/comments?post=583059"}],"version-history":[{"count":0,"href":"https:\/\/www.europesays.com\/fr\/wp-json\/wp\/v2\/posts\/583059\/revisions"}],"wp:featuredmedia":[{"embeddable":true,"href":"https:\/\/www.europesays.com\/fr\/wp-json\/wp\/v2\/media\/583060"}],"wp:attachment":[{"href":"https:\/\/www.europesays.com\/fr\/wp-json\/wp\/v2\/media?parent=583059"}],"wp:term":[{"taxonomy":"category","embeddable":true,"href":"https:\/\/www.europesays.com\/fr\/wp-json\/wp\/v2\/categories?post=583059"},{"taxonomy":"post_tag","embeddable":true,"href":"https:\/\/www.europesays.com\/fr\/wp-json\/wp\/v2\/tags?post=583059"}],"curies":[{"name":"wp","href":"https:\/\/api.w.org\/{rel}","templated":true}]}}