{"id":583061,"date":"2025-12-06T23:09:42","date_gmt":"2025-12-06T23:09:42","guid":{"rendered":"https:\/\/www.europesays.com\/fr\/583061\/"},"modified":"2025-12-06T23:09:42","modified_gmt":"2025-12-06T23:09:42","slug":"imperiales-les-rouge-et-bleu-sadjugent-le-classique","status":"publish","type":"post","link":"https:\/\/www.europesays.com\/fr\/583061\/","title":{"rendered":"Imp\u00e9riales, les Rouge et Bleu s&rsquo;adjugent le Classique"},"content":{"rendered":"<p class=\"typography-paragraph mb-4 md:mb-6 [&amp;:only-of-type]:mb-0 md:[&amp;:only-of-type]:mb-0 [&amp;:last-of-type]:mb-0 md:[&amp;:last-of-type]:mb-0\">D\u00e8s les premi\u00e8res minutes, les Rouge et Bleu prenaient le jeu \u00e0 leur compte. Patientes, exploitant les espaces, les joueuses de Paulo C\u00e9sar ne tardaient pas \u00e0 briser les lignes marseillaises et \u00e0 occuper la surface adverse. Sous pression et incapables d&rsquo;\u00e9loigner le danger, les Marseillaises subissaient rapidement les foudres de nos Rouge et Bleu. A la r\u00e9ception d&rsquo;un ballon qui tra\u00eenait dans la surface, Rom\u00e9e Leuchter faisait parler ses instincts de buteuse pour venir ouvrir le score<strong class=\"font-bold\"> (0-1, 8e)<\/strong>. <\/p>\n<p class=\"typography-paragraph mb-4 md:mb-6 [&amp;:only-of-type]:mb-0 md:[&amp;:only-of-type]:mb-0 [&amp;:last-of-type]:mb-0 md:[&amp;:last-of-type]:mb-0\">Malgr\u00e9 le froid glacial du stade Francis Turcan de Martigues, Paris maintenait un certain rythme dans cette entame de rencontre, avec l&rsquo;objectif clair et assum\u00e9 de faire le break rapidement. En ce sens, Rom\u00e9e Leuchter passait pr\u00e8s du doubl\u00e9, mais manquait de pr\u00e9cision dans un angle particuli\u00e8rement ferm\u00e9 (13e). <\/p>\n","protected":false},"excerpt":{"rendered":"D\u00e8s les premi\u00e8res minutes, les Rouge et Bleu prenaient le jeu \u00e0 leur compte. Patientes, exploitant les espaces,&hellip;\n","protected":false},"author":2,"featured_media":583062,"comment_status":"","ping_status":"","sticky":false,"template":"","format":"standard","meta":{"footnotes":""},"categories":[1888],"tags":[1111,1928,11,1927,1777,674,1011,27,12,1926,626,1925,25],"class_list":{"0":"post-583061","1":"post","2":"type-post","3":"status-publish","4":"format-standard","5":"has-post-thumbnail","7":"category-paris","8":"tag-actu","9":"tag-actu-paris","10":"tag-actualites","11":"tag-actualites-paris","12":"tag-eu","13":"tag-europe","14":"tag-fr","15":"tag-france","16":"tag-news","17":"tag-news-paris","18":"tag-paris","19":"tag-paris-news","20":"tag-republique-francaise"},"share_on_mastodon":{"url":"https:\/\/pubeurope.com\/@fr\/115675146718584127","error":""},"_links":{"self":[{"href":"https:\/\/www.europesays.com\/fr\/wp-json\/wp\/v2\/posts\/583061","targetHints":{"allow":["GET"]}}],"collection":[{"href":"https:\/\/www.europesays.com\/fr\/wp-json\/wp\/v2\/posts"}],"about":[{"href":"https:\/\/www.europesays.com\/fr\/wp-json\/wp\/v2\/types\/post"}],"author":[{"embeddable":true,"href":"https:\/\/www.europesays.com\/fr\/wp-json\/wp\/v2\/users\/2"}],"replies":[{"embeddable":true,"href":"https:\/\/www.europesays.com\/fr\/wp-json\/wp\/v2\/comments?post=583061"}],"version-history":[{"count":0,"href":"https:\/\/www.europesays.com\/fr\/wp-json\/wp\/v2\/posts\/583061\/revisions"}],"wp:featuredmedia":[{"embeddable":true,"href":"https:\/\/www.europesays.com\/fr\/wp-json\/wp\/v2\/media\/583062"}],"wp:attachment":[{"href":"https:\/\/www.europesays.com\/fr\/wp-json\/wp\/v2\/media?parent=583061"}],"wp:term":[{"taxonomy":"category","embeddable":true,"href":"https:\/\/www.europesays.com\/fr\/wp-json\/wp\/v2\/categories?post=583061"},{"taxonomy":"post_tag","embeddable":true,"href":"https:\/\/www.europesays.com\/fr\/wp-json\/wp\/v2\/tags?post=583061"}],"curies":[{"name":"wp","href":"https:\/\/api.w.org\/{rel}","templated":true}]}}