{"id":583067,"date":"2025-12-06T23:14:12","date_gmt":"2025-12-06T23:14:12","guid":{"rendered":"https:\/\/www.europesays.com\/fr\/583067\/"},"modified":"2025-12-06T23:14:12","modified_gmt":"2025-12-06T23:14:12","slug":"la-suede-affronte-des-incursions-sous-marines-russes-presque-chaque-semaine","status":"publish","type":"post","link":"https:\/\/www.europesays.com\/fr\/583067\/","title":{"rendered":"La Su\u00e8de affronte des incursions sous-marines russes \u00ab presque chaque semaine \u00bb"},"content":{"rendered":"<p>La marine su\u00e9doise fait d\u00e9sormais face \u00e0 des incursions russes \u00ab\u00a0presque chaque semaine\u00a0\u00bb dans ses eaux, a r\u00e9v\u00e9l\u00e9 le chef des op\u00e9rations navales, le capitaine Marko Petkovic. Selon lui, Moscou \u00ab\u00a0renforce continuellement\u00a0\u00bb sa pr\u00e9sence dans la r\u00e9gion, une forme de pression devenue, pour les \u00e9quipages su\u00e9dois, une quasi-routine op\u00e9rationnelle.<\/p>\n<p>Depuis plusieurs ann\u00e9es, les signalements de <a class=\"Link\" href=\"https:\/\/www.lepoint.fr\/monde\/flotte-fantome-russe-pourquoi-la-france-passe-a-l-abordage-02-10-2025-2600120_24.php\" title=\"\" data-gtm=\"click:capsule\" data-capsule=\"Lien\" target=\"_blank\" rel=\"noopener\">sous-marins russes<\/a> s&rsquo;accumulent. Le relief sous-marin tourment\u00e9 autour de la Su\u00e8de, un v\u00e9ritable maillage de vall\u00e9es immerg\u00e9es et de cuvettes, complique la surveillance. Les b\u00e2timents ennemis peuvent s&rsquo;y tapir sans difficult\u00e9. Le capitaine Marko Petkovic rappelle dans les colonnes du <a class=\"Link\" href=\"https:\/\/www.theguardian.com\/world\/2025\/dec\/06\/swedish-navy-chief-russia-baltic-presence-ukraine-peace\" target=\"_blank\" title=\"\" data-gtm=\"click:capsule\" data-capsule=\"Lien\" rel=\"noopener\">Guardian<\/a> que la <a class=\"Link\" href=\"https:\/\/www.lepoint.fr\/tags\/russie\" data-gtm=\"click:capsule\" data-capsule=\"Lien\" target=\"_blank\" rel=\"noopener\">Russie<\/a> m\u00e8ne \u00ab\u00a0un programme de modernisation d\u00e9lib\u00e9r\u00e9 et constant\u00a0\u00bb de sa flotte, produisant environ un sous-marin de classe Kilo par an \u00e0 Saint-P\u00e9tersbourg et dans l&rsquo;enclave de Kaliningrad, un rythme qui traduit une volont\u00e9 de projection sous-marine soutenue.<\/p>\n<p>Et l&rsquo;intensit\u00e9 pourrait s&rsquo;accentuer. \u00ab\u00a0Une fois un cessez-le-feu ou un armistice \u00e9tabli en Ukraine, nous \u00e9valuons que la Russie renforcera encore ses capacit\u00e9s dans cette r\u00e9gion\u00a0\u00bb, pr\u00e9vient-il. D&rsquo;o\u00f9 la n\u00e9cessit\u00e9, insiste-t-il, pour la marine su\u00e9doise de \u00ab\u00a0continuer \u00e0 cro\u00eetre\u00a0\u00bb et d&rsquo;\u00e9largir son spectre de d\u00e9tection, afin de maintenir une <a class=\"Link\" href=\"https:\/\/www.lepoint.fr\/debats\/l-europe-a-nouveau-face-au-risque-de-guerre-29-09-2025-2599842_2.php\" title=\"\" data-gtm=\"click:capsule\" data-capsule=\"Lien\" target=\"_blank\" rel=\"noopener\">posture de vigilance active<\/a>.<\/p>\n<p>Une r\u00e9ponse accrue de l&rsquo;Otan<\/p>\n<p>La mer Baltique concentre d\u00e9sormais une constellation de risques. Des drones de renseignement apparaissent r\u00e9guli\u00e8rement, les op\u00e9rations hybrides se multiplient et les soup\u00e7ons de sabotage visant les infrastructures sous-marines se renforcent. S&rsquo;ajoute \u00e0 cela la pr\u00e9sence de la \u00ab\u00a0flotte fant\u00f4me\u00a0\u00bb russe, ces p\u00e9troliers vieillissants naviguant sous pavillons de complaisance. Leur statut civil ne rassure gu\u00e8re, car leur r\u00f4le potentiel dans des actions instrumentalis\u00e9es demeure une pr\u00e9occupation grandissante. \u00ab\u00a0La flotte fant\u00f4me en elle-m\u00eame n&rsquo;est pas un probl\u00e8me militaire, mais elle pourrait affecter nos nations d&rsquo;un point de vue militaire\u00a0\u00bb, rappelle le capitaine Marko Petkovic. L&rsquo;hypoth\u00e8se d&rsquo;un usage d\u00e9tourn\u00e9, notamment pour <a class=\"Link\" href=\"https:\/\/www.lepoint.fr\/societe\/bretagne-plusieurs-drones-ont-survole-la-base-des-sous-marins-nucleaires-05-12-2025-2604738_23.php\" title=\"\" data-gtm=\"click:capsule\" data-capsule=\"Lien\" target=\"_blank\" rel=\"noopener\">le lancement discret de drones<\/a>, n&rsquo;est plus \u00e9cart\u00e9e.<\/p>\n<p>\n\u00c0 D\u00e9couvrir<br \/>\n<strong class=\"discover-kangourou__line\"><br \/>\n<img decoding=\"async\" class=\"discover-kangourou__img\" src=\"https:\/\/static.lpnt.fr\/static\/img\/kangourou\/kangourou_filled.svg\"\/><br \/>\n<strong class=\"discover-kangourou__txt\"><br \/>\n<strong>Le Kangourou du jour<\/strong><br \/>\n<a href=\"https:\/\/kangourou.lepoint.fr\" title=\"kangourou\" data-gtm-cta=\"kangourou_article\" class=\"discover-kangourou__lnk\" target=\"_blank\" rel=\"noopener\"><br \/>\nR\u00e9pondre<br \/>\n<\/a><br \/>\n<\/strong><br \/>\n<\/strong><br \/>\nPour contenir cette pression croissante, l&rsquo;Otan intensifie ses man\u0153uvres. La Su\u00e8de a r\u00e9cemment accueilli Playbook Merlin 25, un exercice majeur de lutte anti-sous-marine r\u00e9unissant neuf pays, dont l&rsquo;Allemagne, la France et les \u00c9tats-Unis. Les forces engag\u00e9es y ont aff\u00fbt\u00e9 leurs proc\u00e9dures pour op\u00e9rer dans les conditions singuli\u00e8res de la Baltique, un environnement capricieux marqu\u00e9 par une visibilit\u00e9 r\u00e9duite, des variations de salinit\u00e9 et des gradients thermiques qui compliquent toute d\u00e9tection.<\/p>\n<p>Parall\u00e8lement, l&rsquo;op\u00e9ration Baltic Sentry, lanc\u00e9e en janvier pour s\u00e9curiser c\u00e2bles et conduites, semble produire des r\u00e9sultats significatifs. \u00ab\u00a0Depuis sa mise en place, nous n&rsquo;avons constat\u00e9 aucun incident sur les c\u00e2bles dans la r\u00e9gion\u00a0\u00bb, se f\u00e9licite le capitaine Petkovic. Une \u00e9volution qui, selon lui, d\u00e9montre que \u00ab\u00a0l&rsquo;alliance fonctionne, la coh\u00e9sion est l\u00e0\u00a0\u00bb et que la pr\u00e9sence alli\u00e9e agit d\u00e9sormais comme un v\u00e9ritable stabilisateur dissuasif dans cette zone devenue un point n\u00e9vralgique\u00a0en Europe du Nord.<\/p>\n<p>Toute l\u2019actualit\u00e9 \u00e0 1\u20ac le premier mois<\/p>\n<p><a href=\"https:\/\/abo.lepoint.fr\/?provenance=21EDI020098\" class=\"btn\" title=\"S&#039;abonner\" data-gtm=\"click:abo|display:abo\" data-campaign=\"paywall_maison\" target=\"_blank\" rel=\"noopener\">S&rsquo;abonner<\/a><\/p>\n<p>ou<\/p>\n","protected":false},"excerpt":{"rendered":"La marine su\u00e9doise fait d\u00e9sormais face \u00e0 des incursions russes \u00ab\u00a0presque chaque semaine\u00a0\u00bb dans ses eaux, a r\u00e9v\u00e9l\u00e9&hellip;\n","protected":false},"author":2,"featured_media":583068,"comment_status":"","ping_status":"","sticky":false,"template":"","format":"standard","meta":{"footnotes":""},"categories":[1591],"tags":[11,1887,12,136,1885,1886,132,7199,135],"class_list":{"0":"post-583067","1":"post","2":"type-post","3":"status-publish","4":"format-standard","5":"has-post-thumbnail","7":"category-russie","8":"tag-actualites","9":"tag-federation-de-russie","10":"tag-news","11":"tag-otan","12":"tag-russia","13":"tag-russian-federation","14":"tag-russie","15":"tag-suede","16":"tag-vladimir-poutine"},"share_on_mastodon":{"url":"https:\/\/pubeurope.com\/@fr\/115675167419616918","error":""},"_links":{"self":[{"href":"https:\/\/www.europesays.com\/fr\/wp-json\/wp\/v2\/posts\/583067","targetHints":{"allow":["GET"]}}],"collection":[{"href":"https:\/\/www.europesays.com\/fr\/wp-json\/wp\/v2\/posts"}],"about":[{"href":"https:\/\/www.europesays.com\/fr\/wp-json\/wp\/v2\/types\/post"}],"author":[{"embeddable":true,"href":"https:\/\/www.europesays.com\/fr\/wp-json\/wp\/v2\/users\/2"}],"replies":[{"embeddable":true,"href":"https:\/\/www.europesays.com\/fr\/wp-json\/wp\/v2\/comments?post=583067"}],"version-history":[{"count":0,"href":"https:\/\/www.europesays.com\/fr\/wp-json\/wp\/v2\/posts\/583067\/revisions"}],"wp:featuredmedia":[{"embeddable":true,"href":"https:\/\/www.europesays.com\/fr\/wp-json\/wp\/v2\/media\/583068"}],"wp:attachment":[{"href":"https:\/\/www.europesays.com\/fr\/wp-json\/wp\/v2\/media?parent=583067"}],"wp:term":[{"taxonomy":"category","embeddable":true,"href":"https:\/\/www.europesays.com\/fr\/wp-json\/wp\/v2\/categories?post=583067"},{"taxonomy":"post_tag","embeddable":true,"href":"https:\/\/www.europesays.com\/fr\/wp-json\/wp\/v2\/tags?post=583067"}],"curies":[{"name":"wp","href":"https:\/\/api.w.org\/{rel}","templated":true}]}}