{"id":583079,"date":"2025-12-06T23:20:13","date_gmt":"2025-12-06T23:20:13","guid":{"rendered":"https:\/\/www.europesays.com\/fr\/583079\/"},"modified":"2025-12-06T23:20:13","modified_gmt":"2025-12-06T23:20:13","slug":"elon-musk-appelle-a-la-dissolution-de-lunion-europeenne-apres-une-sanction-contre-x","status":"publish","type":"post","link":"https:\/\/www.europesays.com\/fr\/583079\/","title":{"rendered":"Elon Musk appelle \u00e0 la dissolution de l\u2019Union europ\u00e9enne apr\u00e8s une sanction contre X"},"content":{"rendered":"<p>_**Le fondateur de X a r\u00e9agi avec virulence \u00e0 l\u2019amende de 120 millions d\u2019euros inflig\u00e9e par Bruxelles, plaidant pour un retour \u00e0 la souverainet\u00e9 nationale.**_<\/p>\n<p>L\u2019entrepreneur Elon Musk a provoqu\u00e9 une nouvelle pol\u00e9mique en appelant publiquement \u00e0 la disparition de l\u2019Union europ\u00e9enne. Cette sortie intervient au lendemain de l\u2019annonce d\u2019une sanction financi\u00e8re de 120 millions d\u2019euros prononc\u00e9e par la Commission europ\u00e9enne \u00e0 l\u2019encontre de sa plateforme X. Le r\u00e9gulateur europ\u00e9en a retenu plusieurs manquements au r\u00e8glement sur les services num\u00e9riques, notamment des pratiques jug\u00e9es trompeuses concernant la v\u00e9rification des comptes et un d\u00e9faut de transparence dans la publicit\u00e9.<\/p>\n<p>Le diff\u00e9rend trouve son origine dans la modification du syst\u00e8me de badges bleus, autrefois attribu\u00e9s apr\u00e8s v\u00e9rification, d\u00e9sormais accessibles via un abonnement payant. Bruxelles estime que cette \u00e9volution brouille la distinction entre les sources authentifi\u00e9es et les autres utilisateurs. Les autorit\u00e9s europ\u00e9ennes reprochent \u00e9galement au r\u00e9seau social de ne pas avoir fourni suffisamment d\u2019informations sur les annonceurs publicitaires et d\u2019avoir restreint l\u2019acc\u00e8s de chercheurs agr\u00e9\u00e9s \u00e0 certaines donn\u00e9es internes.<\/p>\n<p>La r\u00e9action d\u2019Elon Musk a \u00e9t\u00e9 imm\u00e9diate et sans nuance. Sur sa propre plateforme, il a affirm\u00e9 que les \u00c9tats membres devraient recouvrer leur pleine souverainet\u00e9, une position qui a rapidement trouv\u00e9 un \u00e9cho favorable dans certains cercles politiques am\u00e9ricains. Plusieurs figures conservatrices ont en effet d\u00e9nonc\u00e9 une d\u00e9cision qu\u2019elles pr\u00e9sentent comme une atteinte \u00e0 la libert\u00e9 d\u2019expression, bien que l\u2019enqu\u00eate de la Commission ne porte pas directement sur la mod\u00e9ration des contenus.<\/p>\n<p>Dans un entretien vid\u00e9o diffus\u00e9 samedi, le dirigeant a fustig\u00e9 ce qu\u2019il qualifie de \u00ab surr\u00e9gulation \u00bb europ\u00e9enne, estimant que celle-ci entrave l\u2019innovation et nuit aux int\u00e9r\u00eats des entreprises technologiques. Cette confrontation illustre les tensions persistantes entre les g\u00e9ants du num\u00e9rique et les autorit\u00e9s r\u00e9gulatrices europ\u00e9ennes, d\u00e9termin\u00e9es \u00e0 imposer un cadre strict en mati\u00e8re de transparence et de protection des utilisateurs.<\/p>\n","protected":false},"excerpt":{"rendered":"_**Le fondateur de X a r\u00e9agi avec virulence \u00e0 l\u2019amende de 120 millions d\u2019euros inflig\u00e9e par Bruxelles, plaidant&hellip;\n","protected":false},"author":2,"featured_media":583080,"comment_status":"","ping_status":"","sticky":false,"template":"","format":"standard","meta":{"footnotes":""},"categories":[1586],"tags":[11,1777,674,1779,1011,27,12,25,1778,364],"class_list":{"0":"post-583079","1":"post","2":"type-post","3":"status-publish","4":"format-standard","5":"has-post-thumbnail","7":"category-europe","8":"tag-actualites","9":"tag-eu","10":"tag-europe","11":"tag-european-union","12":"tag-fr","13":"tag-france","14":"tag-news","15":"tag-republique-francaise","16":"tag-ue","17":"tag-union-europeenne"},"share_on_mastodon":{"url":"https:\/\/pubeurope.com\/@fr\/115675190082963015","error":""},"_links":{"self":[{"href":"https:\/\/www.europesays.com\/fr\/wp-json\/wp\/v2\/posts\/583079","targetHints":{"allow":["GET"]}}],"collection":[{"href":"https:\/\/www.europesays.com\/fr\/wp-json\/wp\/v2\/posts"}],"about":[{"href":"https:\/\/www.europesays.com\/fr\/wp-json\/wp\/v2\/types\/post"}],"author":[{"embeddable":true,"href":"https:\/\/www.europesays.com\/fr\/wp-json\/wp\/v2\/users\/2"}],"replies":[{"embeddable":true,"href":"https:\/\/www.europesays.com\/fr\/wp-json\/wp\/v2\/comments?post=583079"}],"version-history":[{"count":0,"href":"https:\/\/www.europesays.com\/fr\/wp-json\/wp\/v2\/posts\/583079\/revisions"}],"wp:featuredmedia":[{"embeddable":true,"href":"https:\/\/www.europesays.com\/fr\/wp-json\/wp\/v2\/media\/583080"}],"wp:attachment":[{"href":"https:\/\/www.europesays.com\/fr\/wp-json\/wp\/v2\/media?parent=583079"}],"wp:term":[{"taxonomy":"category","embeddable":true,"href":"https:\/\/www.europesays.com\/fr\/wp-json\/wp\/v2\/categories?post=583079"},{"taxonomy":"post_tag","embeddable":true,"href":"https:\/\/www.europesays.com\/fr\/wp-json\/wp\/v2\/tags?post=583079"}],"curies":[{"name":"wp","href":"https:\/\/api.w.org\/{rel}","templated":true}]}}