{"id":583089,"date":"2025-12-06T23:25:15","date_gmt":"2025-12-06T23:25:15","guid":{"rendered":"https:\/\/www.europesays.com\/fr\/583089\/"},"modified":"2025-12-06T23:25:15","modified_gmt":"2025-12-06T23:25:15","slug":"mulhouse-poursuit-sa-serie-en-saforelle-power-6-vandoeuvre-nancy-grimpe-a-la-deuxieme-place-lequipe","status":"publish","type":"post","link":"https:\/\/www.europesays.com\/fr\/583089\/","title":{"rendered":"Mulhouse poursuit sa s\u00e9rie en Saforelle Power 6, Vandoeuvre Nancy grimpe \u00e0 la deuxi\u00e8me place &#8211; L&#039;\u00c9quipe"},"content":{"rendered":"<ol>\n<li><a href=\"https:\/\/news.google.com\/rss\/articles\/CBMi3gFBVV95cUxOXzByV29JMlFsYkdmODdYcUtnZlVoZUgyMEhYd0J4S0plR3RTWkROMjdJamt5YVM0NHJreXpaeGkwaGFPbTJaaUNrc1ZpWDg1UF8zWUJxal9zRW0zXzZzbFZuYlpobHNpQzFmUEdJQ00tb1JyZmQxTFR4WDNIelVyMVZLQ3N5bXZkNUtTS0dqNE1uREhtbWxfNF9nN3hzR0lqMEpvUVhpR18xUzlWcHlMcHZNMlVMQkpSLUVUQk15Wkk0S3RuYkF1TjdXa0FUZXk3SWZreVhXY3BvXzgzSEE?oc=5\" target=\"_blank\" rel=\"noopener\">Mulhouse poursuit sa s\u00e9rie en Saforelle Power 6, Vandoeuvre Nancy grimpe \u00e0 la deuxi\u00e8me place<\/a>&nbsp;&nbsp;L&rsquo;\u00c9quipe<\/li>\n<li><a href=\"https:\/\/news.google.com\/rss\/articles\/CBMipgFBVV95cUxPejFpTXBVdDFNSU5IRUFwbXlSRmxEUDdHYnlwSTh6d2Z1cWUtbDdBbnV4SER1WmpiRlpSeFJEY2RsTWVvM0J6WmlFRDdGWURKNjlCOUJCeTF3T2NSQWZBM2hadFAtWFliT0xtbHVrWElqSWwydzhVWHBSMkdsZU1lTHl5ekh0ME1GVnhBSUM1YzFHbkhPVlc5VEdVS3h4aGpoQmJfY29B?oc=5\" target=\"_blank\" rel=\"noopener\">Volley-ball. Facile vainqueur de Saint-Di\u00e9, le VMA remporte un 13e succ\u00e8s d&rsquo;affil\u00e9e<\/a>&nbsp;&nbsp;L&rsquo;Alsace<\/li>\n<li><a href=\"https:\/\/news.google.com\/rss\/articles\/CBMioAFBVV95cUxOYnZxZm96WDdZNWYtdXc2c3NzeUlJODVBeXhTcW5DZWZVOWY1SUR1NlFrWFFhRGxOVGFCSzhmaThNSmJfeWxlRVpTcDExOHVqcExOU2ZKNHMtT1VxbnB3eS16MVNzWHRXNHdSWUlzMGsxRWxibDRCSWxPSElJWW5ocHJ5cVFYUVNSLXVHSzExMzFFWk5FbW1DNUYyY2x3QlNJ?oc=5\" target=\"_blank\" rel=\"noopener\">Volley-ball &#8211; Saforelle Power Six. Les Louves de Saint-Di\u00e9 logiquement balay\u00e9es \u00e0 Mulhouse<\/a>&nbsp;&nbsp;Vosges Matin<\/li>\n<li><a href=\"https:\/\/news.google.com\/rss\/articles\/CBMi3gFBVV95cUxQS2FfaExfYlRoZEpUX3Zfam0yR0pGbGctSUp2ODQ1NUNrRklPc3hWenV1bHlBZUpGcTlaUmNnWlhFMldPSXJKRUxuSkZUSVYzV1R2THpOZFZkMFRqVndTRUNkQUo2MUJIVl9VbEZQMWZrRTZkMGl0UGstZnQ5WWd6a0duUFdKT3JjWlN2cEtONjlzaVQtUHhFZFZ5ZmN2Y3kwdDhvUnM2VUJlYzljUWMyd2U2b0pCb2d1TlRQdEVfMG5kRy1vYWxOTEdtajNTUzlDTjBIQmsxWmdwREJlU1E?oc=5\" target=\"_blank\" rel=\"noopener\">Mulhouse &#8211; Saint-Di\u00e9 : \u00e0 quelle heure et sur quelle cha\u00eene suivre la 10e journ\u00e9e de Ligue A f\u00e9minine 2025-2026<\/a>&nbsp;&nbsp;quelle heure, quelle chaine<\/li>\n<li><a href=\"https:\/\/news.google.com\/rss\/articles\/CBMixwFBVV95cUxNckd5OWZRZ2RiMmdIMjZ5bFFNc0d0WTZSTmJsS0tQVGVfbUlrT21Ga3ZiT3Yza1pjVGxkZldtZi1qbVludkY4M05iZFh5Z1oxZHQ2U1Y1dzJIX0xkbFNYZG1USnNkTXhaWTVvVC1VS1NGanpXTnF1bmVaZ0RNTWd3SUVzTF9SS0pkUVlPNkR1Y2JmNV9OYUF2MUl5ZXpoTzBNbUxUZXRtdXpfMEs4MnNzekVzYUNicEE4RHM3V0lQMlJFaFpMZmlz?oc=5\" target=\"_blank\" rel=\"noopener\">Volley-ball. Ligue A f\u00e9minine : le Volley Mulhouse Alsace \u00e0 un sans-faute \u00e0 poursuivre contre Saint-Di\u00e9<\/a>&nbsp;&nbsp;L&rsquo;Alsace<\/li>\n<\/ol>\n","protected":false},"excerpt":{"rendered":"Mulhouse poursuit sa s\u00e9rie en Saforelle Power 6, Vandoeuvre Nancy grimpe \u00e0 la deuxi\u00e8me place&nbsp;&nbsp;L&rsquo;\u00c9quipe Volley-ball. Facile vainqueur&hellip;\n","protected":false},"author":2,"featured_media":583090,"comment_status":"","ping_status":"","sticky":false,"template":"","format":"standard","meta":{"footnotes":""},"categories":[1417],"tags":[1011,27,60,1470,1469],"class_list":{"0":"post-583089","1":"post","2":"type-post","3":"status-publish","4":"format-standard","5":"has-post-thumbnail","7":"category-volley","8":"tag-fr","9":"tag-france","10":"tag-sports","11":"tag-volley","12":"tag-volleyball"},"share_on_mastodon":{"url":"https:\/\/pubeurope.com\/@fr\/115675209710243911","error":""},"_links":{"self":[{"href":"https:\/\/www.europesays.com\/fr\/wp-json\/wp\/v2\/posts\/583089","targetHints":{"allow":["GET"]}}],"collection":[{"href":"https:\/\/www.europesays.com\/fr\/wp-json\/wp\/v2\/posts"}],"about":[{"href":"https:\/\/www.europesays.com\/fr\/wp-json\/wp\/v2\/types\/post"}],"author":[{"embeddable":true,"href":"https:\/\/www.europesays.com\/fr\/wp-json\/wp\/v2\/users\/2"}],"replies":[{"embeddable":true,"href":"https:\/\/www.europesays.com\/fr\/wp-json\/wp\/v2\/comments?post=583089"}],"version-history":[{"count":0,"href":"https:\/\/www.europesays.com\/fr\/wp-json\/wp\/v2\/posts\/583089\/revisions"}],"wp:featuredmedia":[{"embeddable":true,"href":"https:\/\/www.europesays.com\/fr\/wp-json\/wp\/v2\/media\/583090"}],"wp:attachment":[{"href":"https:\/\/www.europesays.com\/fr\/wp-json\/wp\/v2\/media?parent=583089"}],"wp:term":[{"taxonomy":"category","embeddable":true,"href":"https:\/\/www.europesays.com\/fr\/wp-json\/wp\/v2\/categories?post=583089"},{"taxonomy":"post_tag","embeddable":true,"href":"https:\/\/www.europesays.com\/fr\/wp-json\/wp\/v2\/tags?post=583089"}],"curies":[{"name":"wp","href":"https:\/\/api.w.org\/{rel}","templated":true}]}}