{"id":583099,"date":"2025-12-06T23:33:10","date_gmt":"2025-12-06T23:33:10","guid":{"rendered":"https:\/\/www.europesays.com\/fr\/583099\/"},"modified":"2025-12-06T23:33:10","modified_gmt":"2025-12-06T23:33:10","slug":"miss-france-2026-angelique-angarni-filopon-en-larmes-des-son-arrivee-sur-scene-les-internautes-touches-rallonger-son-mandat-marie-france-magazine-feminin","status":"publish","type":"post","link":"https:\/\/www.europesays.com\/fr\/583099\/","title":{"rendered":"Miss France 2026 : Ang\u00e9lique Angarni-Filopon en larmes d\u00e8s son arriv\u00e9e sur sc\u00e8ne, les internautes touch\u00e9s &quot;rallonger son mandat&quot; &#8211; Marie France, magazine f\u00e9minin"},"content":{"rendered":"<ol>\n<li><a href=\"https:\/\/news.google.com\/rss\/articles\/CBMi_AFBVV95cUxQaFFPSGJKSGgtVUN3M2lGdnVtSHUxeDBZUW9rYjBoRXRObllEaEFzX0JnZ3pON3BFN0NVS3NTbjNULVN2MkVCYk92WklmT25Wa3JqZFFxblVzUU9OeElGamwyOFlGaXVuak9lV1cxR0dmUUZLS0szbU8tSHBuOWdTX0VhNm5oT3lHUTBqRVNDN0t5Vzk1SHJ6SzJpT1pIZnB0eF9mUVZhMDlVNFVRdTJMd05iTWRNaXFuZEhwWWhFWUw2d0s5cTJFZVp3MXc5S1JEMEFtdU94SGROZDBuMWFJeVgtbnB6RUJ1VHY3ZHMwTmRVSzZsWE5hYnhTOTM?oc=5\" target=\"_blank\" rel=\"noopener\">Miss France 2026 : Ang\u00e9lique Angarni-Filopon en larmes d\u00e8s son arriv\u00e9e sur sc\u00e8ne, les internautes touch\u00e9s \u00ab\u00a0rallonger son mandat\u00a0\u00bb<\/a>&nbsp;&nbsp;Marie France, magazine f\u00e9minin<\/li>\n<li><a href=\"https:\/\/news.google.com\/rss\/articles\/CBMi6gFBVV95cUxOUHdWeFhKRE0tdW5NcWlkMHh5UnJkVFFRRWFXUlJjNXVYOWlOWlZGeWZic09HbHJSUkpDTHlKcEFnc3VHT3pqZDVfYWtzZ3ZoNFE4NVY3VVBBQV9RYnNzeHFWWmkyWkI2RVd1ZS1abU5GYmlmVE0xdFBQdjlmLURyMWxodWNhUFhWV2pEejJYc2RqcTZVZFN2ODZNWUJzaHEwRU9MMXlJRkpCeEs3aXdsdWJBVkpVSUhCNDlHSkdDMzFKeE5nNWYzeHpZRVhlY3Znd3pnU29Gelo3SWllbld2OS1wbW9ydlpxcXc?oc=5\" target=\"_blank\" rel=\"noopener\">\u00ab\u00a0Ravie de laisser sa place\u00a0\u00bb, Ang\u00e9lique Angarni-Filopon, Miss France 2025, s&rsquo;appr\u00eate \u00e0 transmettre sa couronne<\/a>&nbsp;&nbsp;BFM<\/li>\n<li><a href=\"https:\/\/news.google.com\/rss\/articles\/CBMimwJBVV95cUxPaE9NMTljRTRkZEpad3FuRVBFWjdBeTF6eUZnZDFvcURITUJkZFJlc0gtWEhsaGprSjZveDRNSzVSeU02WUs0MEtPZTZrelNNYUhTZ2dRbHZpVTFWWlJqQm82QVBKTXduTlFIaEMxbmp2cndtU2RXU2UtcWRUQXdsLUJYMGx2UHRuYVlLTkdHdWdVdHIycDZ0TXZoXy10c1Y2WGgxN25RTWJGTkRLc21paXFvZWlVVVVJY19YeVozVGJaUzhZTTJaNDFud20zU2RjRmpfd3RUd3NkOERfWEo0NmVYX19SRkVRLWNaeUpQU21zMk9UWGQ5V0tYSlowTmZUT3pxYms2WDFsN0k3M19pVFIzektJOWx2M0p3?oc=5\" target=\"_blank\" rel=\"noopener\">En larmes, Ang\u00e9lique Angarni-Filopon fait ses adieux \u00e0 Miss France : \u00ab\u00a0Soyez plus bienveillants avec Miss France 2026 que vous l\u2019avez \u00e9t\u00e9 avec moi\u00a0\u00bb<\/a>&nbsp;&nbsp;Gala<\/li>\n<li><a href=\"https:\/\/news.google.com\/rss\/articles\/CBMi9wFBVV95cUxPOXBXY0UtanpKQzIxQ1kxbDR6YUNXb3ZkTlNRWEd6cFlGb3BJRC1YWGF1MzB2d0ZYNEZIVFNCb0RHZ3BIV2U3NHBXeVRya2Ric0t5V3lUa3JBTElMVUdGOEplcDItN0gweE8weVA4SXRBX2RVRkN1WWVaS09nWnltZkFieHNsYTFNWmxoTVZqaFlLODFSMWZPWXpsRTduMEZob1NkRGFKQ0JDbkx3UC1VYi1BRS1NQW1SMWNXdUNsbVh4b1RqQnRzeTZJVHYtSDRpYkwxakw3UXFXU2RWS2pPbjV0VnFKdTEtNTRzT3JWSlNaeWh3aFE0?oc=5\" target=\"_blank\" rel=\"noopener\">Miss France 2025 vis\u00e9e par des insultes : le comit\u00e9 instaure le \u00ab marrainage \u00bb<\/a>&nbsp;&nbsp;Ouest-France<\/li>\n<li><a href=\"https:\/\/news.google.com\/rss\/articles\/CBMiywFBVV95cUxNaVVlbnRiZ2RMRk9FaVdFT1JXV0JKUFlxRVZlLS1IUVFKQVc3bUVpNWpqeW9FUFNDZ1BOUWx0QXo4UTNZWmk1aFNZUjVweWE0NlUyY1R5YzJHUlZXR1Q2by1TZjlBMV9QWlpQQ09lRnRWbUhCYU9BSFdPOWxDa09OWlpCWUZiQ3o2REp1aHk2LUZpRE1Ra3JWbWlDRTFUNlRmV2JtdHZUcXQ3N0JxTFlDV3VBZGExczNhNkZTRVY2WlRMa3pNX1h1SkRmaw?oc=5\" target=\"_blank\" rel=\"noopener\">Miss France 2026 : sur RTL, Jean-Pierre Foucault lance un appel \u00e0 la \u00ab\u00a0bienveillance\u00a0\u00bb<\/a>&nbsp;&nbsp;RTL.fr<\/li>\n<\/ol>\n","protected":false},"excerpt":{"rendered":"Miss France 2026 : Ang\u00e9lique Angarni-Filopon en larmes d\u00e8s son arriv\u00e9e sur sc\u00e8ne, les internautes touch\u00e9s \u00ab\u00a0rallonger son&hellip;\n","protected":false},"author":2,"featured_media":395849,"comment_status":"","ping_status":"","sticky":false,"template":"","format":"standard","meta":{"footnotes":""},"categories":[1359],"tags":[58,59,1011,27,973],"class_list":{"0":"post-583099","1":"post","2":"type-post","3":"status-publish","4":"format-standard","5":"has-post-thumbnail","7":"category-people","8":"tag-divertissement","9":"tag-entertainment","10":"tag-fr","11":"tag-france","12":"tag-people"},"share_on_mastodon":{"url":"","error":""},"_links":{"self":[{"href":"https:\/\/www.europesays.com\/fr\/wp-json\/wp\/v2\/posts\/583099","targetHints":{"allow":["GET"]}}],"collection":[{"href":"https:\/\/www.europesays.com\/fr\/wp-json\/wp\/v2\/posts"}],"about":[{"href":"https:\/\/www.europesays.com\/fr\/wp-json\/wp\/v2\/types\/post"}],"author":[{"embeddable":true,"href":"https:\/\/www.europesays.com\/fr\/wp-json\/wp\/v2\/users\/2"}],"replies":[{"embeddable":true,"href":"https:\/\/www.europesays.com\/fr\/wp-json\/wp\/v2\/comments?post=583099"}],"version-history":[{"count":0,"href":"https:\/\/www.europesays.com\/fr\/wp-json\/wp\/v2\/posts\/583099\/revisions"}],"wp:featuredmedia":[{"embeddable":true,"href":"https:\/\/www.europesays.com\/fr\/wp-json\/wp\/v2\/media\/395849"}],"wp:attachment":[{"href":"https:\/\/www.europesays.com\/fr\/wp-json\/wp\/v2\/media?parent=583099"}],"wp:term":[{"taxonomy":"category","embeddable":true,"href":"https:\/\/www.europesays.com\/fr\/wp-json\/wp\/v2\/categories?post=583099"},{"taxonomy":"post_tag","embeddable":true,"href":"https:\/\/www.europesays.com\/fr\/wp-json\/wp\/v2\/tags?post=583099"}],"curies":[{"name":"wp","href":"https:\/\/api.w.org\/{rel}","templated":true}]}}