{"id":583122,"date":"2025-12-06T23:48:30","date_gmt":"2025-12-06T23:48:30","guid":{"rendered":"https:\/\/www.europesays.com\/fr\/583122\/"},"modified":"2025-12-06T23:48:30","modified_gmt":"2025-12-06T23:48:30","slug":"saint-etienne-des-adolescentes-prostituees-un-homme-arrete-ce-que-lon-sait","status":"publish","type":"post","link":"https:\/\/www.europesays.com\/fr\/583122\/","title":{"rendered":"Saint-Etienne. Des adolescentes prostitu\u00e9es, un homme arr\u00eat\u00e9 : ce que l&rsquo;on sait"},"content":{"rendered":"<p>                    Par<br \/>\n        <strong><br \/>\n            <a href=\"https:\/\/actu.fr\/auteur\/redaction-saint-etienne\" title=\"Consulter tous les articles de R\u00e9daction Saint-\u00c9tienne\" target=\"_blank\" rel=\"noopener\">R\u00e9daction Saint-\u00c9tienne<\/a><br \/>\n                    <\/strong><\/p>\n<p>        Publi\u00e9 le<\/p>\n<p>            4 d\u00e9c. 2025 \u00e0 10h32        <\/p>\n<p>Cinq hommes soup\u00e7onn\u00e9s de prox\u00e9n\u00e9tisme sur des adolescentes \u00e2g\u00e9es de 12 \u00e0 17\u00a0ans ont \u00e9t\u00e9 mis en examen \u00e0 Valence (<a href=\"https:\/\/actu.fr\/drome\/\" target=\"_blank\" rel=\"noopener\">Dr\u00f4me<\/a>) et plac\u00e9s en d\u00e9tention provisoire, a-t-on appris mercredi de source polici\u00e8re.<\/p>\n<p class=\" wall-content\">Six victimes ont \u00e9t\u00e9 identifi\u00e9es, des adolescentes de 12 \u00e0 17\u00a0ans, qui se prostituaient dans des h\u00f4tels et des logements de type Airbnb \u00e0 Valence, Avignon, <a href=\"https:\/\/actu.fr\/marseille\/\" target=\"_blank\" rel=\"noopener\">Marseille<\/a>, <a href=\"https:\/\/actu.fr\/auvergne-rhone-alpes\/saint-etienne_42218\" target=\"_blank\" rel=\"noopener\">Saint-\u00c9tienne<\/a> et Perpignan, a pr\u00e9cis\u00e9 \u00e0 l\u2019AFP Elora Despringre, cheffe de la police judiciaire de Dr\u00f4me-Ard\u00e8che, confirmant une information de ICI Dr\u00f4me-Ard\u00e8che (ex-France Bleu) et du journal Le Dauphin\u00e9 Lib\u00e9r\u00e9.<\/p>\n<p>Les adolescentes \u00ab\u2009en rupture scolaire et en rupture familiale\u2009\u00bb<\/p>\n<p class=\" wall-content\">Les six adolescentes sont \u00ab\u2009en rupture scolaire et en rupture familiale\u2009\u00bb et \u00ab\u2009plac\u00e9es dans des foyers, avec un parcours de vie difficile\u2009\u00bb, selon cette source.<\/p>\n<p class=\" wall-content\">Quatre d\u2019entre elles ont \u00e9t\u00e9 entendues en garde \u00e0 vue, deux ont fait l\u2019objet d\u2019audition libre, selon la police, pr\u00e9cisant que toutes ont \u00e9t\u00e9 lib\u00e9r\u00e9es et remises \u00e0 des foyers.<\/p>\n<p>Un prox\u00e9n\u00e8te\u00a0de Saint-Etienne<\/p>\n<p class=\" wall-content\">\u00ab\u2009Les prox\u00e9n\u00e8tes ont <strong>entre 19 et 27\u00a0ans<\/strong>\u2009\u00bb, dont quatre sont originaires de Valence et un de Saint-Etienne, a ajout\u00e9 la commissaire Despringre.<\/p>\n<p class=\" wall-content\">L\u2019enqu\u00eate avait d\u00e9marr\u00e9 cet \u00e9t\u00e9, c\u00f4t\u00e9 police, apr\u00e8s avoir \u00e9t\u00e9 alert\u00e9e par la m\u00e8re de l\u2019une des jeunes filles, et puis avec les gendarmes de Crest (sud de Valence) qui enqu\u00eataient de leur c\u00f4t\u00e9 sur une jeune fille de 12 ans en fugue et s\u2019\u00e9taient aper\u00e7us qu\u2019elle se prostituait.<\/p>\n<p class=\" wall-content\">Les investigations ont ensuite \u00e9t\u00e9 centralis\u00e9es au sein du Service interd\u00e9partemental de la police judiciaire \u00e0 Valence pour permettre de d\u00e9manteler ce r\u00e9seau qui op\u00e9rait au moins depuis le d\u00e9but de 2025, selon la police.<\/p>\n<p class=\" wall-content\"><strong>AFP<\/strong><\/p>\n<p class=\" wall-content\">Personnalisez votre actualit\u00e9 en ajoutant vos villes et m\u00e9dias en favori avec <a href=\"https:\/\/moncompte.actu.fr\" title=\"D\u00e9couvez Mon Actu\" rel=\"nofollow noopener\" data-trk=\"{&quot;cta&quot;:{&quot;action&quot;:&quot;https:\\\/\\\/moncompte.actu.fr&quot;,&quot;category&quot;:&quot;mon compte&quot;,&quot;from&quot;:&quot;article footer&quot;,&quot;name&quot;:&quot;Mon actu&quot;,&quot;type&quot;:&quot;cta&quot;}}\" target=\"_blank\">Mon Actu<\/a>.<\/p>\n","protected":false},"excerpt":{"rendered":"Par R\u00e9daction Saint-\u00c9tienne Publi\u00e9 le 4 d\u00e9c. 2025 \u00e0 10h32 Cinq hommes soup\u00e7onn\u00e9s de prox\u00e9n\u00e9tisme sur des adolescentes&hellip;\n","protected":false},"author":2,"featured_media":583123,"comment_status":"","ping_status":"","sticky":false,"template":"","format":"standard","meta":{"footnotes":""},"categories":[9653],"tags":[1111,11,2430,1777,674,118,1011,27,303,12,2899,25,4001],"class_list":{"0":"post-583122","1":"post","2":"type-post","3":"status-publish","4":"format-standard","5":"has-post-thumbnail","7":"category-saint-etienne","8":"tag-actu","9":"tag-actualites","10":"tag-auvergne-rhone-alpes","11":"tag-eu","12":"tag-europe","13":"tag-faits-divers","14":"tag-fr","15":"tag-france","16":"tag-justice","17":"tag-news","18":"tag-prostitution","19":"tag-republique-francaise","20":"tag-saint-etienne"},"share_on_mastodon":{"url":"https:\/\/pubeurope.com\/@fr\/115675300183248638","error":""},"_links":{"self":[{"href":"https:\/\/www.europesays.com\/fr\/wp-json\/wp\/v2\/posts\/583122","targetHints":{"allow":["GET"]}}],"collection":[{"href":"https:\/\/www.europesays.com\/fr\/wp-json\/wp\/v2\/posts"}],"about":[{"href":"https:\/\/www.europesays.com\/fr\/wp-json\/wp\/v2\/types\/post"}],"author":[{"embeddable":true,"href":"https:\/\/www.europesays.com\/fr\/wp-json\/wp\/v2\/users\/2"}],"replies":[{"embeddable":true,"href":"https:\/\/www.europesays.com\/fr\/wp-json\/wp\/v2\/comments?post=583122"}],"version-history":[{"count":0,"href":"https:\/\/www.europesays.com\/fr\/wp-json\/wp\/v2\/posts\/583122\/revisions"}],"wp:featuredmedia":[{"embeddable":true,"href":"https:\/\/www.europesays.com\/fr\/wp-json\/wp\/v2\/media\/583123"}],"wp:attachment":[{"href":"https:\/\/www.europesays.com\/fr\/wp-json\/wp\/v2\/media?parent=583122"}],"wp:term":[{"taxonomy":"category","embeddable":true,"href":"https:\/\/www.europesays.com\/fr\/wp-json\/wp\/v2\/categories?post=583122"},{"taxonomy":"post_tag","embeddable":true,"href":"https:\/\/www.europesays.com\/fr\/wp-json\/wp\/v2\/tags?post=583122"}],"curies":[{"name":"wp","href":"https:\/\/api.w.org\/{rel}","templated":true}]}}