{"id":583139,"date":"2025-12-07T00:07:13","date_gmt":"2025-12-07T00:07:13","guid":{"rendered":"https:\/\/www.europesays.com\/fr\/583139\/"},"modified":"2025-12-07T00:07:13","modified_gmt":"2025-12-07T00:07:13","slug":"degagement-de-fumee-dans-un-magasin-biocoop-a-rennes-le-personnel-et-les-clients-evacues","status":"publish","type":"post","link":"https:\/\/www.europesays.com\/fr\/583139\/","title":{"rendered":"D\u00e9gagement de fum\u00e9e dans un magasin Biocoop \u00e0 Rennes\u00a0: le personnel et les clients \u00e9vacu\u00e9s"},"content":{"rendered":"<p>Les secours sont intervenus vers 17 h 55, alors que de la fum\u00e9e se d\u00e9gageait par le faux plafond du magasin situ\u00e9 rue Eug\u00e8ne Potier. Au total 21 pompiers ont \u00e9t\u00e9 d\u00e9p\u00each\u00e9s sur place. \u00c0 leur arriv\u00e9e 14 membres du personnel et 50 clients, pr\u00e9sents au moment des faits, avaient \u00e9t\u00e9 \u00e9vacu\u00e9s de l\u2019\u00e9tablissement. Selon les premi\u00e8res constatations des secours, un d\u00e9faut dans la chaudi\u00e8re \u00e0 gaz du magasin semblerait \u00eatre \u00e0 l\u2019origine de l\u2019\u00e9manation de fum\u00e9e. Les \u00e9quipes de GRDF et d\u2019Enedis \u00e9taient \u00e9galement sur place afin de s\u00e9curiser les lieux. Cet incident, qui n\u2019a fait aucun bless\u00e9, ne devrait pas engendrer de ch\u00f4mage technique.<\/p>\n","protected":false},"excerpt":{"rendered":"Les secours sont intervenus vers 17 h 55, alors que de la fum\u00e9e se d\u00e9gageait par le faux&hellip;\n","protected":false},"author":2,"featured_media":583140,"comment_status":"","ping_status":"","sticky":false,"template":"","format":"standard","meta":{"footnotes":""},"categories":[2821],"tags":[1111,11,829,765,1777,674,118,1011,27,848,12,584,25],"class_list":{"0":"post-583139","1":"post","2":"type-post","3":"status-publish","4":"format-standard","5":"has-post-thumbnail","7":"category-rennes","8":"tag-actu","9":"tag-actualites","10":"tag-bretagne","11":"tag-en-continu","12":"tag-eu","13":"tag-europe","14":"tag-faits-divers","15":"tag-fr","16":"tag-france","17":"tag-ille-et-vilaine","18":"tag-news","19":"tag-rennes","20":"tag-republique-francaise"},"share_on_mastodon":{"url":"https:\/\/pubeurope.com\/@fr\/115675374887685931","error":""},"_links":{"self":[{"href":"https:\/\/www.europesays.com\/fr\/wp-json\/wp\/v2\/posts\/583139","targetHints":{"allow":["GET"]}}],"collection":[{"href":"https:\/\/www.europesays.com\/fr\/wp-json\/wp\/v2\/posts"}],"about":[{"href":"https:\/\/www.europesays.com\/fr\/wp-json\/wp\/v2\/types\/post"}],"author":[{"embeddable":true,"href":"https:\/\/www.europesays.com\/fr\/wp-json\/wp\/v2\/users\/2"}],"replies":[{"embeddable":true,"href":"https:\/\/www.europesays.com\/fr\/wp-json\/wp\/v2\/comments?post=583139"}],"version-history":[{"count":0,"href":"https:\/\/www.europesays.com\/fr\/wp-json\/wp\/v2\/posts\/583139\/revisions"}],"wp:featuredmedia":[{"embeddable":true,"href":"https:\/\/www.europesays.com\/fr\/wp-json\/wp\/v2\/media\/583140"}],"wp:attachment":[{"href":"https:\/\/www.europesays.com\/fr\/wp-json\/wp\/v2\/media?parent=583139"}],"wp:term":[{"taxonomy":"category","embeddable":true,"href":"https:\/\/www.europesays.com\/fr\/wp-json\/wp\/v2\/categories?post=583139"},{"taxonomy":"post_tag","embeddable":true,"href":"https:\/\/www.europesays.com\/fr\/wp-json\/wp\/v2\/tags?post=583139"}],"curies":[{"name":"wp","href":"https:\/\/api.w.org\/{rel}","templated":true}]}}