{"id":583143,"date":"2025-12-07T00:09:14","date_gmt":"2025-12-07T00:09:14","guid":{"rendered":"https:\/\/www.europesays.com\/fr\/583143\/"},"modified":"2025-12-07T00:09:14","modified_gmt":"2025-12-07T00:09:14","slug":"ostwald-associations-artisans-ambiance-familiale-au-marche-de-noel","status":"publish","type":"post","link":"https:\/\/www.europesays.com\/fr\/583143\/","title":{"rendered":"Ostwald. Associations, artisans&#8230; Ambiance familiale au march\u00e9 de No\u00ebl"},"content":{"rendered":"<p>Confitures maison chez les arboriculteurs, bredele au chalet des parents d\u2019\u00e9l\u00e8ves des Sources d\u2019O, d\u00e9corations de No\u00ebl r\u00e9alis\u00e9es par les r\u00e9sidents du foyer d\u2019accueil Eolys, tricots \u00e0 la conf\u00e9rence Saint-Vincent-de-Paul, cr\u00eapes chez les footballeurs\u2026\u00a0: chaque ann\u00e9e, les associations locales sont au rendez-vous du march\u00e9 de No\u00ebl d\u2019Ostwald, appuy\u00e9es par quelques artisans locaux (poti\u00e8re et chocolati\u00e8re, entre autres). Un petit march\u00e9 sur le parvis de l\u2019\u00e9glise catholique rythm\u00e9 par les concerts et les animations, loin de la foule, o\u00f9 l\u2019on se sent un peu en famille.<\/p>\n<p>La cal\u00e8che, qui n\u2019a pas d\u00e9sempli samedi, reprendra du service ce dimanche 7\u00a0d\u00e9cembre pour des balades de 15h \u00e0 17h. Mais le clou de l\u2019apr\u00e8s-midi, outre les maquillages et animations pour les enfants assur\u00e9s par les animateurs des p\u00e9riscolaires de la ville, sera le concert participatif, \u00e0 l\u2019\u00e9glise. R\u00e9visez vos classiques de No\u00ebl\u00a0: entra\u00een\u00e9 par les voix des choristes de la paroisse, le public sera invit\u00e9 \u00e0 chanter.<\/p>\n<p class=\"note\">Dimanche 7\u00a0d\u00e9cembre de 15h \u00e0 19h.<\/p>\n","protected":false},"excerpt":{"rendered":"Confitures maison chez les arboriculteurs, bredele au chalet des parents d\u2019\u00e9l\u00e8ves des Sources d\u2019O, d\u00e9corations de No\u00ebl r\u00e9alis\u00e9es&hellip;\n","protected":false},"author":2,"featured_media":583144,"comment_status":"","ping_status":"","sticky":false,"template":"","format":"standard","meta":{"footnotes":""},"categories":[2820],"tags":[1111,11,1687,2880,1777,674,107,1011,27,775,12,15830,25,640,2879],"class_list":{"0":"post-583143","1":"post","2":"type-post","3":"status-publish","4":"format-standard","5":"has-post-thumbnail","7":"category-strasbourg","8":"tag-actu","9":"tag-actualites","10":"tag-culture-loisirs","11":"tag-edition-strasbourg","12":"tag-eu","13":"tag-europe","14":"tag-fil-info","15":"tag-fr","16":"tag-france","17":"tag-grand-est","18":"tag-news","19":"tag-noel","20":"tag-republique-francaise","21":"tag-strasbourg","22":"tag-strasbourg-ville"},"share_on_mastodon":{"url":"https:\/\/pubeurope.com\/@fr\/115675382716762132","error":""},"_links":{"self":[{"href":"https:\/\/www.europesays.com\/fr\/wp-json\/wp\/v2\/posts\/583143","targetHints":{"allow":["GET"]}}],"collection":[{"href":"https:\/\/www.europesays.com\/fr\/wp-json\/wp\/v2\/posts"}],"about":[{"href":"https:\/\/www.europesays.com\/fr\/wp-json\/wp\/v2\/types\/post"}],"author":[{"embeddable":true,"href":"https:\/\/www.europesays.com\/fr\/wp-json\/wp\/v2\/users\/2"}],"replies":[{"embeddable":true,"href":"https:\/\/www.europesays.com\/fr\/wp-json\/wp\/v2\/comments?post=583143"}],"version-history":[{"count":0,"href":"https:\/\/www.europesays.com\/fr\/wp-json\/wp\/v2\/posts\/583143\/revisions"}],"wp:featuredmedia":[{"embeddable":true,"href":"https:\/\/www.europesays.com\/fr\/wp-json\/wp\/v2\/media\/583144"}],"wp:attachment":[{"href":"https:\/\/www.europesays.com\/fr\/wp-json\/wp\/v2\/media?parent=583143"}],"wp:term":[{"taxonomy":"category","embeddable":true,"href":"https:\/\/www.europesays.com\/fr\/wp-json\/wp\/v2\/categories?post=583143"},{"taxonomy":"post_tag","embeddable":true,"href":"https:\/\/www.europesays.com\/fr\/wp-json\/wp\/v2\/tags?post=583143"}],"curies":[{"name":"wp","href":"https:\/\/api.w.org\/{rel}","templated":true}]}}