{"id":583160,"date":"2025-12-07T00:19:15","date_gmt":"2025-12-07T00:19:15","guid":{"rendered":"https:\/\/www.europesays.com\/fr\/583160\/"},"modified":"2025-12-07T00:19:15","modified_gmt":"2025-12-07T00:19:15","slug":"previsions-du-dimanche-7-decembre-2025-2","status":"publish","type":"post","link":"https:\/\/www.europesays.com\/fr\/583160\/","title":{"rendered":"pr\u00e9visions du dimanche 7 d\u00e9cembre 2025"},"content":{"rendered":"<p>Aujourd&rsquo;hui, les temp\u00e9ratures seront comprises entre 11 et 17\u00b0C \u00e0 Toulouse. Toujours de la grisaille le matin. De petits nuages vont s&rsquo;attarder. Les valeurs afficheront entre 11\u00b0C et 16\u00b0C. Un vent de sud-est rafra\u00eechira sensiblement l&rsquo;atmosph\u00e8re. L&rsquo;apr\u00e8s-midi, un grand soleil brillera. Les temp\u00e9ratures s&rsquo;\u00e9chelonneront de 13 \u00e0 17\u00b0C. Le ciel va l\u00e9g\u00e8rement se d\u00e9gager dans la soir\u00e9e avec des \u00e9claircies. Les valeurs s&rsquo;\u00e9chelonneront entre 12 et 13\u00b0C. Le ciel sera d\u00e9pourvu de nuages dans la nuit de dimanche \u00e0 lundi.<\/p>\n<p>Un beau soleil est pr\u00e9vu demain \u00e0 Toulouse. Le mercure va baisser de quelques degr\u00e9s. Il va faire en moyenne 13\u00b0C. Un petit vent de sud-est sera ressenti par les habitants. Les temp\u00e9ratures seront de 9\u00b0C au minimum et de 16\u00b0C au plus haut la matin\u00e9e. Les valeurs vont enregistrer une augmentation de quelques degr\u00e9s lors de l&rsquo;apr\u00e8s-midi. Les valeurs seront comprises entre 13 et 17\u00b0C. La ville aura quelques \u00e9claircies demain soir. Les maximales pourront atteindre 12\u00b0C tandis que les minimales seront de 11\u00b0C.<\/p>\n<p>La m\u00e9t\u00e9o des journ\u00e9es qui suivent va \u00e9voluer peu \u00e0 peu. Apr\u00e8s des conditions m\u00e9t\u00e9orologiques stables mardi, la situation changera mercredi.<\/p>\n<p><\/p>\n","protected":false},"excerpt":{"rendered":"Aujourd&rsquo;hui, les temp\u00e9ratures seront comprises entre 11 et 17\u00b0C \u00e0 Toulouse. Toujours de la grisaille le matin. De&hellip;\n","protected":false},"author":2,"featured_media":583161,"comment_status":"","ping_status":"","sticky":false,"template":"","format":"standard","meta":{"footnotes":""},"categories":[2816],"tags":[1111,11,1777,674,1011,27,12,2680,2119,25,2312],"class_list":{"0":"post-583160","1":"post","2":"type-post","3":"status-publish","4":"format-standard","5":"has-post-thumbnail","7":"category-toulouse","8":"tag-actu","9":"tag-actualites","10":"tag-eu","11":"tag-europe","12":"tag-fr","13":"tag-france","14":"tag-news","15":"tag-occitanie","16":"tag-previsions-meteo","17":"tag-republique-francaise","18":"tag-toulouse"},"share_on_mastodon":{"url":"https:\/\/pubeurope.com\/@fr\/115675421974114448","error":""},"_links":{"self":[{"href":"https:\/\/www.europesays.com\/fr\/wp-json\/wp\/v2\/posts\/583160","targetHints":{"allow":["GET"]}}],"collection":[{"href":"https:\/\/www.europesays.com\/fr\/wp-json\/wp\/v2\/posts"}],"about":[{"href":"https:\/\/www.europesays.com\/fr\/wp-json\/wp\/v2\/types\/post"}],"author":[{"embeddable":true,"href":"https:\/\/www.europesays.com\/fr\/wp-json\/wp\/v2\/users\/2"}],"replies":[{"embeddable":true,"href":"https:\/\/www.europesays.com\/fr\/wp-json\/wp\/v2\/comments?post=583160"}],"version-history":[{"count":0,"href":"https:\/\/www.europesays.com\/fr\/wp-json\/wp\/v2\/posts\/583160\/revisions"}],"wp:featuredmedia":[{"embeddable":true,"href":"https:\/\/www.europesays.com\/fr\/wp-json\/wp\/v2\/media\/583161"}],"wp:attachment":[{"href":"https:\/\/www.europesays.com\/fr\/wp-json\/wp\/v2\/media?parent=583160"}],"wp:term":[{"taxonomy":"category","embeddable":true,"href":"https:\/\/www.europesays.com\/fr\/wp-json\/wp\/v2\/categories?post=583160"},{"taxonomy":"post_tag","embeddable":true,"href":"https:\/\/www.europesays.com\/fr\/wp-json\/wp\/v2\/tags?post=583160"}],"curies":[{"name":"wp","href":"https:\/\/api.w.org\/{rel}","templated":true}]}}