{"id":583164,"date":"2025-12-07T00:22:11","date_gmt":"2025-12-07T00:22:11","guid":{"rendered":"https:\/\/www.europesays.com\/fr\/583164\/"},"modified":"2025-12-07T00:22:11","modified_gmt":"2025-12-07T00:22:11","slug":"rendez-miss-provence-les-internautes-soffusquent-de-labsence-de-la-marseillaise-dans-le-top-12","status":"publish","type":"post","link":"https:\/\/www.europesays.com\/fr\/583164\/","title":{"rendered":"\u00ab\u00a0Rendez Miss Provence\u00a0\u00bb, les internautes s&rsquo;offusquent de l&rsquo;absence de la Marseillaise dans le top 12"},"content":{"rendered":"<p>C&rsquo;est une fin d&rsquo;aventure pour Julie Zitouni. <a href=\"https:\/\/www.laprovence.com\/article\/societe\/1009389081594715\/miss-france-2026-30-candidates-mais-une-seule-ambassadrice-de-lelegance-francaise-couronnee\" target=\"_blank\" rel=\"noopener\">Miss Provence 2025 ne sera pas sacr\u00e9e Miss France 2026<\/a> ce samedi soir sur la sc\u00e8ne du Z\u00e9nith d&rsquo;Amiens.\u00a0<\/p>\n<p>Il y a quelques jours, un groupe restreint du comit\u00e9 Miss France a effectu\u00e9 une pr\u00e9-s\u00e9lection pour retenir les 12 candidates qui seront les demi-finalistes de cette 96e c\u00e9r\u00e9monie.<\/p>\n<p>Si on retrouve notamment Miss C\u00f4te d&rsquo;Azur et Miss Roussillon &#8211; qui sont g\u00e9r\u00e9es par le comit\u00e9 Paca &#8211; Miss Provence est elle absente. \u00c0 la grande surprise des t\u00e9l\u00e9spectateurs&#8230;<\/p>\n<p>M\u00eame l&rsquo;influenceur Aquababe semblait conquis sur les r\u00e9seaux sociaux, pla\u00e7ant Julie Zitouni en reine du soir. Tout comme nos colonnes &#8211; bien \u00e9videmment &#8211; mais \u00e9galement nos confr\u00e8res du Parisien&#8230;\u00a0<\/p>\n","protected":false},"excerpt":{"rendered":"C&rsquo;est une fin d&rsquo;aventure pour Julie Zitouni. Miss Provence 2025 ne sera pas sacr\u00e9e Miss France 2026 ce&hellip;\n","protected":false},"author":2,"featured_media":583165,"comment_status":"","ping_status":"","sticky":false,"template":"","format":"standard","meta":{"footnotes":""},"categories":[2814],"tags":[17,5734,1111,11,251,1777,674,1011,27,151,884,27472,12,1186,882,11963,25],"class_list":{"0":"post-583164","1":"post","2":"type-post","3":"status-publish","4":"format-standard","5":"has-post-thumbnail","7":"category-marseille","8":"tag-17","9":"tag-5734","10":"tag-actu","11":"tag-actualites","12":"tag-culture","13":"tag-eu","14":"tag-europe","15":"tag-fr","16":"tag-france","17":"tag-les","18":"tag-marseille","19":"tag-miss","20":"tag-news","21":"tag-provence","22":"tag-provence-alpes-cote-dazur","23":"tag-rendez","24":"tag-republique-francaise"},"share_on_mastodon":{"url":"https:\/\/pubeurope.com\/@fr\/115675433842597031","error":""},"_links":{"self":[{"href":"https:\/\/www.europesays.com\/fr\/wp-json\/wp\/v2\/posts\/583164","targetHints":{"allow":["GET"]}}],"collection":[{"href":"https:\/\/www.europesays.com\/fr\/wp-json\/wp\/v2\/posts"}],"about":[{"href":"https:\/\/www.europesays.com\/fr\/wp-json\/wp\/v2\/types\/post"}],"author":[{"embeddable":true,"href":"https:\/\/www.europesays.com\/fr\/wp-json\/wp\/v2\/users\/2"}],"replies":[{"embeddable":true,"href":"https:\/\/www.europesays.com\/fr\/wp-json\/wp\/v2\/comments?post=583164"}],"version-history":[{"count":0,"href":"https:\/\/www.europesays.com\/fr\/wp-json\/wp\/v2\/posts\/583164\/revisions"}],"wp:featuredmedia":[{"embeddable":true,"href":"https:\/\/www.europesays.com\/fr\/wp-json\/wp\/v2\/media\/583165"}],"wp:attachment":[{"href":"https:\/\/www.europesays.com\/fr\/wp-json\/wp\/v2\/media?parent=583164"}],"wp:term":[{"taxonomy":"category","embeddable":true,"href":"https:\/\/www.europesays.com\/fr\/wp-json\/wp\/v2\/categories?post=583164"},{"taxonomy":"post_tag","embeddable":true,"href":"https:\/\/www.europesays.com\/fr\/wp-json\/wp\/v2\/tags?post=583164"}],"curies":[{"name":"wp","href":"https:\/\/api.w.org\/{rel}","templated":true}]}}