{"id":583188,"date":"2025-12-07T00:42:24","date_gmt":"2025-12-07T00:42:24","guid":{"rendered":"https:\/\/www.europesays.com\/fr\/583188\/"},"modified":"2025-12-07T00:42:24","modified_gmt":"2025-12-07T00:42:24","slug":"un-nouveau-depart-pour-les-relations-germano-israeliennes","status":"publish","type":"post","link":"https:\/\/www.europesays.com\/fr\/583188\/","title":{"rendered":"un \u201cnouveau d\u00e9part\u201d pour les relations germano-isra\u00e9liennes ?"},"content":{"rendered":"\n<p>\u201cC\u2019est une p\u00e9riode d\u00e9cisive pour le chancelier Friedrich Merz\u201d, <a href=\"https:\/\/m.bild.de\/politik\/ausland-und-internationales\/israel-diese-merz-reise-wird-zur-diplomatischen-gratwanderung-6932b81cbdb9c3d5970e4cae?t_ref=https%3A%2F%2Fwww.google.com%2F\" target=\"_blank\" rel=\"noopener\">annonce <strong>Bild<\/strong><\/a><strong>, <\/strong>ce samedi 6\u00a0d\u00e9cembre. Apr\u00e8s <a href=\"https:\/\/www.courrierinternational.com\/article\/politique-en-allemagne-une-reforme-des-retraites-adoptee-malgre-quelques-elus-rebelles_238059\" target=\"_blank\" rel=\"noopener\">avoir remport\u00e9 un vote strat\u00e9gique sur les retraites<\/a>, le dirigeant conservateur allemand encha\u00eene avec un autre dossier sensible\u00a0: apr\u00e8s un arr\u00eat en Jordanie, il effectue ce week-end \u201csa premi\u00e8re visite officielle en Isra\u00ebl\u201d en tant que chef de gouvernement. Un voyage diplomatique \u201csur la corde raide\u201d, affirme le tablo\u00efd conservateur allemand, qui rappelle que \u201cles relations entre le chancelier et le gouvernement de <a href=\"https:\/\/www.courrierinternational.com\/sujet\/benyamin-netanyahou\" target=\"_blank\" rel=\"noopener\">Benyamin N\u00e9tanyahou<\/a> se sont r\u00e9cemment tendues\u201d.<\/p>\n<p>\u201cDepuis son arriv\u00e9e au pouvoir il y a sept mois, Friedrich Merz tente de maintenir les liens particuliers qui unissent l\u2019Allemagne \u00e0 Isra\u00ebl\u201d, <a href=\"https:\/\/www.dw.com\/de\/merz-besucht-israel-freundschaft-trotz-streits\/a-75024246\" target=\"_blank\" rel=\"noopener\">explique la<strong> Deutsche Welle<\/strong><\/a><strong>. <\/strong>L\u2019Allemagne consid\u00e8re que la s\u00e9curit\u00e9 d\u2019Isra\u00ebl rel\u00e8ve de la \u201craison d\u2019\u00c9tat\u201d en raison de sa responsabilit\u00e9 historique particuli\u00e8re vis-\u00e0-vis des Juifs\u00a0; et le pays a longtemps soutenu l\u2019\u00c9tat h\u00e9breu sur le plan international. Mais r\u00e9cemment, \u201cplusieurs conflits entre Berlin et Tel Aviv\u00a0ont \u00e9merg\u00e9 concernant les actions d\u2019Isra\u00ebl dans la bande de Gaza\u201d.<\/p>\n<p>Le 8\u00a0ao\u00fbt dernier, le gouvernement de Friedrich Merz <a href=\"https:\/\/www.courrierinternational.com\/article\/geopolitique-l-allemagne-suspend-une-partie-de-ses-exportations-d-armes-vers-israel-un-virage-majeur_233845\" target=\"_blank\" rel=\"noopener\">a notamment annonc\u00e9 la suspension d\u2019une partie des exportations d\u2019armes allemandes vers l\u2019\u00c9tat h\u00e9breu<\/a>, afin d\u2019\u00e9viter qu\u2019elles ne soient utilis\u00e9es con<\/p>\n","protected":false},"excerpt":{"rendered":"\u201cC\u2019est une p\u00e9riode d\u00e9cisive pour le chancelier Friedrich Merz\u201d, annonce Bild, ce samedi 6\u00a0d\u00e9cembre. Apr\u00e8s avoir remport\u00e9 un&hellip;\n","protected":false},"author":2,"featured_media":583189,"comment_status":"","ping_status":"","sticky":false,"template":"","format":"standard","meta":{"footnotes":""},"categories":[1587],"tags":[11,672,1804,1805,1803,1777,674,4710,1801,1892,4629,16785,3257,12,1802],"class_list":{"0":"post-583188","1":"post","2":"type-post","3":"status-publish","4":"format-standard","5":"has-post-thumbnail","7":"category-allemagne","8":"tag-actualites","9":"tag-allemagne","10":"tag-bundesrepublik-deutschland","11":"tag-de","12":"tag-deutschland","13":"tag-eu","14":"tag-europe","15":"tag-friedrich-merz","16":"tag-germany","17":"tag-gu00e9opolitique","18":"tag-guerre-israu00ebl-hamas","19":"tag-israu00ebl","20":"tag-moyen-orient","21":"tag-news","22":"tag-republique-federale-dallemagne"},"share_on_mastodon":{"url":"https:\/\/pubeurope.com\/@fr\/115675512467064791","error":""},"_links":{"self":[{"href":"https:\/\/www.europesays.com\/fr\/wp-json\/wp\/v2\/posts\/583188","targetHints":{"allow":["GET"]}}],"collection":[{"href":"https:\/\/www.europesays.com\/fr\/wp-json\/wp\/v2\/posts"}],"about":[{"href":"https:\/\/www.europesays.com\/fr\/wp-json\/wp\/v2\/types\/post"}],"author":[{"embeddable":true,"href":"https:\/\/www.europesays.com\/fr\/wp-json\/wp\/v2\/users\/2"}],"replies":[{"embeddable":true,"href":"https:\/\/www.europesays.com\/fr\/wp-json\/wp\/v2\/comments?post=583188"}],"version-history":[{"count":0,"href":"https:\/\/www.europesays.com\/fr\/wp-json\/wp\/v2\/posts\/583188\/revisions"}],"wp:featuredmedia":[{"embeddable":true,"href":"https:\/\/www.europesays.com\/fr\/wp-json\/wp\/v2\/media\/583189"}],"wp:attachment":[{"href":"https:\/\/www.europesays.com\/fr\/wp-json\/wp\/v2\/media?parent=583188"}],"wp:term":[{"taxonomy":"category","embeddable":true,"href":"https:\/\/www.europesays.com\/fr\/wp-json\/wp\/v2\/categories?post=583188"},{"taxonomy":"post_tag","embeddable":true,"href":"https:\/\/www.europesays.com\/fr\/wp-json\/wp\/v2\/tags?post=583188"}],"curies":[{"name":"wp","href":"https:\/\/api.w.org\/{rel}","templated":true}]}}