{"id":58319,"date":"2025-04-28T03:48:21","date_gmt":"2025-04-28T03:48:21","guid":{"rendered":"https:\/\/www.europesays.com\/fr\/58319\/"},"modified":"2025-04-28T03:48:21","modified_gmt":"2025-04-28T03:48:21","slug":"apres-le-meurtre-dun-fidele-dans-une-mosquee-du-gard-un-appel-a-rassemblement-a-paris-contre-lislamophobie","status":"publish","type":"post","link":"https:\/\/www.europesays.com\/fr\/58319\/","title":{"rendered":"Apr\u00e8s le meurtre d\u2019un fid\u00e8le dans une mosqu\u00e9e du Gard, un appel \u00e0 rassemblement \u00e0 Paris \u00ab\u00a0contre l\u2019islamophobie\u00a0\u00bb"},"content":{"rendered":"<p>Un appel \u00e0 rassemblement \u00ab\u00a0contre l\u2019islamophobie\u00a0\u00bb a \u00e9t\u00e9 lanc\u00e9 pour dimanche\u00a018 heures \u00e0 Paris apr\u00e8s le meurtre d\u2019un fid\u00e8le, vendredi, dans <a href=\"https:\/\/www.20minutes.fr\/faits_divers\/4150522-20250426-meurtre-mosquee-grand-combe-images-meurtrier-insulte-allah-merde\" class=\"color-ultramarine c-link\" rel=\"nofollow noopener\" target=\"_blank\">une mosqu\u00e9e du Gard<\/a>, un crime a priori pr\u00e9m\u00e9dit\u00e9 apr\u00e8s lequel le meurtrier a film\u00e9 sa victime en insultant l&rsquo;Islam.<\/p>\n<p>Le suspect toujours en fuite, avait port\u00e9 des dizaines de <a href=\"https:\/\/www.20minutes.fr\/dossier\/coup_de_couteau\" class=\"color-ultramarine c-link\" rel=\"nofollow noopener\" target=\"_blank\">coups de couteau<\/a> \u00e0 un jeune homme d\u2019une vingtaine d\u2019ann\u00e9es en train de prier, dans la mosqu\u00e9e de la petite commune gardoise de La Grand-Combe. Puis il avait film\u00e9 sa victime agonisante avec son t\u00e9l\u00e9phone portable, en r\u00e9p\u00e9tant \u00e0 deux reprises\u00a0: \u00ab\u00a0Je l\u2019ai fait [\u2026]\u00a0\u00bb et tenant des propos insultants envers l\u2019Islam.<\/p>\n<p>Le rassemblement pr\u00e9vu place de la R\u00e9publique sera ponctu\u00e9 par une minute de silence en <a href=\"https:\/\/www.20minutes.fr\/dossier\/hommage\" class=\"color-ultramarine c-link\" rel=\"nofollow noopener\" target=\"_blank\">m\u00e9moire de la victime<\/a>. L\u2019appel, qui a \u00e9t\u00e9 lanc\u00e9 sur les r\u00e9seaux sociaux, a notamment \u00e9t\u00e9 relay\u00e9 par plusieurs figures de LFI comme <a href=\"https:\/\/www.20minutes.fr\/politique\/eric-coquerel\/\" class=\"color-ultramarine c-link\" rel=\"nofollow noopener\" target=\"_blank\">\u00c9ric Coquerel<\/a> ou <a href=\"https:\/\/www.20minutes.fr\/politique\/rima-hassan\/\" class=\"color-ultramarine c-link\" rel=\"nofollow noopener\" target=\"_blank\">Rima Hassan<\/a> ou la num\u00e9ro un des Verts, <a href=\"https:\/\/www.20minutes.fr\/politique\/marine-tondelier\/\" class=\"color-ultramarine c-link\" rel=\"nofollow noopener\" target=\"_blank\">Marine Tondelier<\/a>.<\/p>\n<p>Parral\u00e8lement, dans l&rsquo;attente de l&rsquo;interpellation du meurtrier, une marche blanche en souvenir de la victime est organis\u00e9e ce dimanche apr\u00e8s-midi \u00e0 partir de 14h30, entre la mosqu\u00e9e Khadidja o\u00f9 s&rsquo;est d\u00e9roul\u00e9 le drame et la mairie de cette petite commune de moins de 5.000 habitants au nord d&rsquo;Al\u00e8s.<\/p>\n<p>Un appel \u00e0 la vigilance<\/p>\n<p>R\u00e9agissant \u00e0 ce drame, <a href=\"https:\/\/www.20minutes.fr\/politique\/francois_bayrou\/\" class=\"color-ultramarine c-link\" rel=\"nofollow noopener\" target=\"_blank\">Fran\u00e7ois Bayrou<\/a> a d\u00e9nonc\u00e9 samedi une \u00ab\u00a0ignominie islamophobe\u00a0\u00bb\u00a0: \u00ab\u00a0Nous sommes avec les proches de la victime, avec les croyants si choqu\u00e9s. Les moyens de l\u2019Etat sont mobilis\u00e9s pour que l\u2019assassin soit saisi et puni\u00a0\u00bb, a ajout\u00e9 le Premier ministre sur X.<\/p>\n<p>Le <a href=\"https:\/\/www.20minutes.fr\/dossier\/cfcm\" class=\"color-ultramarine c-link\" rel=\"nofollow noopener\" target=\"_blank\">Conseil fran\u00e7ais du culte musulman<\/a> (CFCM), ex-instance de repr\u00e9sentation de l\u2019islam en France, s\u2019est dit \u00ab\u00a0horrifi\u00e9\u00a0\u00bb par cet \u00ab\u00a0attentat terroriste anti-musulman\u00a0\u00bb et appelle les musulmans de France \u00e0 \u00ab\u00a0l\u2019extr\u00eame vigilance\u00a0\u00bb, selon un communiqu\u00e9. Le CFCM, qui fustige \u00ab\u00a0les cons\u00e9quences dramatiques de la banalisation et de la m\u00e9diatisation de la haine antimusulmane\u00a0\u00bb, recommande aux fid\u00e8les de ne pas rester seuls ou isol\u00e9s dans les mosqu\u00e9es.<\/p>\n<p>Il appelle en outre les pouvoirs publics \u00ab\u00a0\u00e0 d\u00e9clencher imm\u00e9diatement un plan national de protection renforc\u00e9e des lieux de culte musulmans\u00a0\u00bb.<\/p>\n<p>De son c\u00f4t\u00e9, la Grande mosqu\u00e9e de Paris a m\u00eame \u00e9voqu\u00e9 une possible dimension \u00ab\u00a0terroriste\u00a0\u00bb \u00e0 ce meurtre, dans une r\u00e9action sur les r\u00e9seaux sociaux dans la nuit de samedi \u00e0 dimanche. \u00ab\u00a0Il fait peu de doute que son auteur a \u00e9t\u00e9 motiv\u00e9 par la haine des musulmans\u00a0\u00bb, assure ainsi la Mosqu\u00e9e de Paris, en demandant \u00ab\u00a0d\u00e9sormais aux autorit\u00e9s comp\u00e9tentes de communiquer au public si la piste terroriste est privil\u00e9gi\u00e9e\u00a0\u00bb. \u00ab\u00a0Nous devons consid\u00e9rer la dimension et la gravit\u00e9 d\u2019un tel acte, et agir pour la s\u00e9curit\u00e9 de tous\u00a0\u00bb, insiste le communiqu\u00e9.<\/p>\n","protected":false},"excerpt":{"rendered":"Un appel \u00e0 rassemblement \u00ab\u00a0contre l\u2019islamophobie\u00a0\u00bb a \u00e9t\u00e9 lanc\u00e9 pour dimanche\u00a018 heures \u00e0 Paris apr\u00e8s le meurtre d\u2019un&hellip;\n","protected":false},"author":2,"featured_media":58320,"comment_status":"","ping_status":"","sticky":false,"template":"","format":"standard","meta":{"footnotes":""},"categories":[1888],"tags":[1111,1928,47,11,1927,15443,1025,1777,674,118,658,1011,27,431,2679,2683,662,5318,6269,2681,12,1926,2680,626,1925,10162,3919,25,15442,104,809],"class_list":{"0":"post-58319","1":"post","2":"type-post","3":"status-publish","4":"format-standard","5":"has-post-thumbnail","7":"category-paris","8":"tag-actu","9":"tag-actu-paris","10":"tag-actualite","11":"tag-actualites","12":"tag-actualites-paris","13":"tag-cfcm","14":"tag-eric-coquerel","15":"tag-eu","16":"tag-europe","17":"tag-faits-divers","18":"tag-faits-divers-paris","19":"tag-fr","20":"tag-france","21":"tag-francois-bayrou","22":"tag-gard","23":"tag-homicide","24":"tag-ile-de-france","25":"tag-islam","26":"tag-islamophobie","27":"tag-languedoc-roussillon","28":"tag-news","29":"tag-news-paris","30":"tag-occitanie","31":"tag-paris","32":"tag-paris-news","33":"tag-racisme","34":"tag-rassemblement","35":"tag-republique-francaise","36":"tag-rima-hassan","37":"tag-societe","38":"tag-violence"},"share_on_mastodon":{"url":"https:\/\/pubeurope.com\/@fr\/114413548589221246","error":""},"_links":{"self":[{"href":"https:\/\/www.europesays.com\/fr\/wp-json\/wp\/v2\/posts\/58319","targetHints":{"allow":["GET"]}}],"collection":[{"href":"https:\/\/www.europesays.com\/fr\/wp-json\/wp\/v2\/posts"}],"about":[{"href":"https:\/\/www.europesays.com\/fr\/wp-json\/wp\/v2\/types\/post"}],"author":[{"embeddable":true,"href":"https:\/\/www.europesays.com\/fr\/wp-json\/wp\/v2\/users\/2"}],"replies":[{"embeddable":true,"href":"https:\/\/www.europesays.com\/fr\/wp-json\/wp\/v2\/comments?post=58319"}],"version-history":[{"count":0,"href":"https:\/\/www.europesays.com\/fr\/wp-json\/wp\/v2\/posts\/58319\/revisions"}],"wp:featuredmedia":[{"embeddable":true,"href":"https:\/\/www.europesays.com\/fr\/wp-json\/wp\/v2\/media\/58320"}],"wp:attachment":[{"href":"https:\/\/www.europesays.com\/fr\/wp-json\/wp\/v2\/media?parent=58319"}],"wp:term":[{"taxonomy":"category","embeddable":true,"href":"https:\/\/www.europesays.com\/fr\/wp-json\/wp\/v2\/categories?post=58319"},{"taxonomy":"post_tag","embeddable":true,"href":"https:\/\/www.europesays.com\/fr\/wp-json\/wp\/v2\/tags?post=58319"}],"curies":[{"name":"wp","href":"https:\/\/api.w.org\/{rel}","templated":true}]}}