{"id":583190,"date":"2025-12-07T00:43:16","date_gmt":"2025-12-07T00:43:16","guid":{"rendered":"https:\/\/www.europesays.com\/fr\/583190\/"},"modified":"2025-12-07T00:43:16","modified_gmt":"2025-12-07T00:43:16","slug":"ce-match-va-beaucoup-nous-aider-apres-la-victoire-de-poitiers-a-paris-avant-la-coupe-deurope","status":"publish","type":"post","link":"https:\/\/www.europesays.com\/fr\/583190\/","title":{"rendered":"\u00ab\u00a0Ce match va beaucoup nous aider\u00a0\u00bb apr\u00e8s la victoire de Poitiers \u00e0 Paris avant la coupe d\u2019Europe"},"content":{"rendered":"<p><strong>Paris\u00a0&#8211; Poitiers\u00a0: 0-3<\/strong><\/p>\n<p>Apr\u00e8s la d\u00e9faite renversante conc\u00e9d\u00e9e face \u00e0 <a target=\"_self\" href=\"https:\/\/www.lanouvellerepublique.fr\/poitiers\/msl-c-est-juste-un-probleme-mental-face-a-toulouse-l-alterna-stade-poitevin-s-est-saborde-1764713154\" rel=\"noopener\">Toulouse (2-3)<\/a>, Dan Lewis avait un peu tap\u00e9 du poing sur la table en demandant une concentration de chaque instant \u00e0 ses joueurs. L\u2019entra\u00eeneur de l\u2019Alterna Stade Poitevin a \u00e9t\u00e9 entendu. Samedi, \u00e0 l\u2019issue d\u2019un match ma\u00eetris\u00e9 de bout en bout, les Poitevins ont glan\u00e9 un cinqui\u00e8me succ\u00e8s dans la salle d\u2019un Paris Volley \u00e0 l\u2019arr\u00eat avec cinq d\u00e9faites de rang.<\/p>\n<p>D\u2019entr\u00e9e, les Poitevins se positionnaient dans cette rencontre. Le bloc se mettait progressivement en place et Kobrine faisait d\u00e9j\u00e0 plier la r\u00e9ception parisienne pour mieux planter le d\u00e9cor (4-7). De plus en plus compacts, les partenaires de Pujol s\u2019\u00e9chappaient dans ce premier acte \u00e0 l\u2019image de service gagnant de Gill et de cette feinte bien amen\u00e9e de Kobrine (7-13).<\/p>\n<p>Kobrine en mode MVP<\/p>\n<p>Poitiers faisait la course en t\u00eate avec ce missile de Kobrine qui mettait tout le monde d\u2019accord apr\u00e8s un point litigieux r\u00e9gl\u00e9 \u00e0 la vid\u00e9o (11-17). Les r\u00e9actions parisiennes avaient le m\u00e9rite d\u2019exister mais ne perturbaient pas l\u2019\u00e9quilibre service-r\u00e9ception-attaque des visiteurs qui empochent assez logiquement la premi\u00e8re manche (19-25)&#8230;. <\/p>\n<p>    Cet article a \u00e9t\u00e9 tronqu\u00e9. Abonnez-vous pour lire l&rsquo;article complet sur notre site.<\/p>\n<p style=\"margin: 0 !important; padding: 0 !important; font-size: 12px !important;\">Cet article a \u00e9t\u00e9 tronqu\u00e9. Abonnez-vous pour lire l&rsquo;article complet.<\/p>\n<p>    <a href=\"https:\/\/www.lanouvellerepublique.fr\/abonnements\" style=\"display: inline-block; margin-top: 5px !important; padding: 6px 12px !important; background: #cb1c27; color: white; text-decoration: none; border-radius: 4px; font-size: 12px !important;\" target=\"_blank\" rel=\"noopener\"><br \/>\n      S&rsquo;abonner<br \/>\n    <\/a><\/p>\n","protected":false},"excerpt":{"rendered":"Paris\u00a0&#8211; Poitiers\u00a0: 0-3 Apr\u00e8s la d\u00e9faite renversante conc\u00e9d\u00e9e face \u00e0 Toulouse (2-3), Dan Lewis avait un peu tap\u00e9&hellip;\n","protected":false},"author":2,"featured_media":583191,"comment_status":"","ping_status":"","sticky":false,"template":"","format":"standard","meta":{"footnotes":""},"categories":[1586],"tags":[1392,11,1654,1777,674,1011,27,1655,12,1653,25,60,1584,1470],"class_list":{"0":"post-583190","1":"post","2":"type-post","3":"status-publish","4":"format-standard","5":"has-post-thumbnail","7":"category-europe","8":"tag-a-la-une-local","9":"tag-actualites","10":"tag-alterna-stade-poitevin-volley-ball","11":"tag-eu","12":"tag-europe","13":"tag-fr","14":"tag-france","15":"tag-ligue-a","16":"tag-news","17":"tag-poitiers","18":"tag-republique-francaise","19":"tag-sports","20":"tag-vienne","21":"tag-volley"},"share_on_mastodon":{"url":"https:\/\/pubeurope.com\/@fr\/115675516446838848","error":""},"_links":{"self":[{"href":"https:\/\/www.europesays.com\/fr\/wp-json\/wp\/v2\/posts\/583190","targetHints":{"allow":["GET"]}}],"collection":[{"href":"https:\/\/www.europesays.com\/fr\/wp-json\/wp\/v2\/posts"}],"about":[{"href":"https:\/\/www.europesays.com\/fr\/wp-json\/wp\/v2\/types\/post"}],"author":[{"embeddable":true,"href":"https:\/\/www.europesays.com\/fr\/wp-json\/wp\/v2\/users\/2"}],"replies":[{"embeddable":true,"href":"https:\/\/www.europesays.com\/fr\/wp-json\/wp\/v2\/comments?post=583190"}],"version-history":[{"count":0,"href":"https:\/\/www.europesays.com\/fr\/wp-json\/wp\/v2\/posts\/583190\/revisions"}],"wp:featuredmedia":[{"embeddable":true,"href":"https:\/\/www.europesays.com\/fr\/wp-json\/wp\/v2\/media\/583191"}],"wp:attachment":[{"href":"https:\/\/www.europesays.com\/fr\/wp-json\/wp\/v2\/media?parent=583190"}],"wp:term":[{"taxonomy":"category","embeddable":true,"href":"https:\/\/www.europesays.com\/fr\/wp-json\/wp\/v2\/categories?post=583190"},{"taxonomy":"post_tag","embeddable":true,"href":"https:\/\/www.europesays.com\/fr\/wp-json\/wp\/v2\/tags?post=583190"}],"curies":[{"name":"wp","href":"https:\/\/api.w.org\/{rel}","templated":true}]}}