{"id":583204,"date":"2025-12-07T00:52:19","date_gmt":"2025-12-07T00:52:19","guid":{"rendered":"https:\/\/www.europesays.com\/fr\/583204\/"},"modified":"2025-12-07T00:52:19","modified_gmt":"2025-12-07T00:52:19","slug":"une-nouvelle-presidence-pour-lusspa-tennis-club-albi","status":"publish","type":"post","link":"https:\/\/www.europesays.com\/fr\/583204\/","title":{"rendered":"Une nouvelle pr\u00e9sidence pour l\u2019USSPA tennis club Albi"},"content":{"rendered":"<p>Apr\u00e8s dix ann\u00e9es de pr\u00e9sidence \u00e0 la t\u00eate de l\u2019USSPA Tennis, Jean-Paul Mariou a souhait\u00e9 prendre du recul. Ce sont Caroline Mittag et Chryst\u00e8le Studnicki qui prennent la suite.<br \/>\u00ab\u00a0C\u2019est un club auquel nous sommes attach\u00e9es, on voulait poursuivre l\u2019activit\u00e9. Toute seule, on ne voulait pas prendre la pr\u00e9sidence, on ne l\u2019aurait pas fait l\u2019une sans l\u2019autre. \u00c0 deux, on est plus fortes\u00a0\u00bb, expliquent les deux femmes.<\/p>\n<p class=\"std-elt__inline\">\n        <strong>\u00c0 lire aussi :<\/strong><br \/>\n        <a href=\"https:\/\/www.ladepeche.fr\/2025\/09\/02\/mini-academie-nouveaux-coaches-nouvelles-animations-lusspa-fait-sa-rentree-12898269.php\" target=\"_blank\" rel=\"noopener\">Mini acad\u00e9mie, nouveaux coaches, nouvelles animations\u2026 L\u2019USSPA fait sa rentr\u00e9e<\/a>\n    <\/p>\n<p>Caroline Mittag \u00e9volue au sein du club depuis 20 ans. Elle a connu l\u2019ancien pr\u00e9sident\u00a0lors de la mont\u00e9e de l\u2019\u00e9quipe f\u00e9minine en nationale 3. \u00ab\u00a0J\u2019\u00e9tais le capitaine de l\u2019\u00e9quipe, c\u2019est l\u00e0 qu\u2019on s\u2019est connus\u00a0\u00bb, se rappelle Jean-Paul Mariou, soulignant que Caroline Mittag a \u00e9t\u00e9 \u2013 15, \u00ab\u00a0la porte\u00a0\u00bb des joueuses professionnelles. \u00ab\u00a0C\u2019est le tennis qui m\u2019anime\u00a0\u00bb, commente-t-elle.<br \/>Chryst\u00e8le Studnicki est au club depuis 2017. Par le pass\u00e9, elle a \u00e9t\u00e9 pr\u00e9sidente de celui\u00a0de Cambon, avant que Jean-Paul Mariou ne la persuade de rejoindre l\u2019USSPA pour compl\u00e9ter l\u2019\u00e9quipe f\u00e9minine. Elle a \u00e9t\u00e9 class\u00e9e 15-1.<\/p>\n<p class=\"std-elt__inline\">\n        <strong>\u00c0 lire aussi :<\/strong><br \/>\n        <a href=\"https:\/\/www.ladepeche.fr\/2024\/11\/09\/un-premier-tournoi-de-pickleball-dans-le-tarn-12312927.php\" target=\"_blank\" rel=\"noopener\">Un premier tournoi  de pickleball dans le Tarn<\/a>\n    <\/p>\n<p>Pour le moment, les deux pr\u00e9sidentes sont encore \u00ab\u00a0en mode passation\u00a0\u00bb. Elles comptent continuer sur la lanc\u00e9e de Jean-Paul Mariou en conservant cet \u00e9tat d\u2019esprit familial, sp\u00e9cifique au club albigeois. Elles veulent dynamiser encore plus le c\u00f4t\u00e9 tennis. Dans les projets qu\u2019elles ont en t\u00eate\u00a0: la r\u00e9novation des courts de tennis int\u00e9rieurs. \u00c0 charge pour\u00a0l\u2019ancien pr\u00e9sident\u00a0de continuer de faire vivre l\u2019activit\u00e9 pickleball lanc\u00e9e l\u2019an pass\u00e9 et qui remporte un beau succ\u00e8s.<br \/>Le club compte actuellement 323 licenci\u00e9s.<\/p>\n<p class=\"std-elt__inline\">\n        <strong>\u00c0 lire aussi :<\/strong><br \/>\n        <a href=\"https:\/\/www.ladepeche.fr\/2025\/12\/05\/interet-a-gagner-car-il-representait-lecole-passe-par-lacademie-dun-top-10-mondial-qui-est-cet-entraineur-a-lusspa-sacre-champion-universitaire-de-13073509.php\" target=\"_blank\" rel=\"noopener\">\u00ab\u00a0Int\u00e9r\u00eat \u00e0 gagner\u00a0\u00bb car il \u00ab\u00a0repr\u00e9sentait l\u2019\u00e9cole, pass\u00e9 par l\u2019acad\u00e9mie d\u2019un top 10 mondial\u2026 Qui est cet entra\u00eeneur \u00e0 l\u2019USSPA sacr\u00e9 champion universitaire de tennis aux \u00c9tats-Unis\u00a0\u00bb<\/a>\n    <\/p>\n","protected":false},"excerpt":{"rendered":"Apr\u00e8s dix ann\u00e9es de pr\u00e9sidence \u00e0 la t\u00eate de l\u2019USSPA Tennis, Jean-Paul Mariou a souhait\u00e9 prendre du recul.&hellip;\n","protected":false},"author":2,"featured_media":583205,"comment_status":"","ping_status":"","sticky":false,"template":"","format":"standard","meta":{"footnotes":""},"categories":[1415],"tags":[7296,1011,27,517,60,8412,1467],"class_list":{"0":"post-583204","1":"post","2":"type-post","3":"status-publish","4":"format-standard","5":"has-post-thumbnail","7":"category-tennis","8":"tag-albi","9":"tag-fr","10":"tag-france","11":"tag-sport","12":"tag-sports","13":"tag-tarn","14":"tag-tennis"},"share_on_mastodon":{"url":"https:\/\/pubeurope.com\/@fr\/115675551762664293","error":""},"_links":{"self":[{"href":"https:\/\/www.europesays.com\/fr\/wp-json\/wp\/v2\/posts\/583204","targetHints":{"allow":["GET"]}}],"collection":[{"href":"https:\/\/www.europesays.com\/fr\/wp-json\/wp\/v2\/posts"}],"about":[{"href":"https:\/\/www.europesays.com\/fr\/wp-json\/wp\/v2\/types\/post"}],"author":[{"embeddable":true,"href":"https:\/\/www.europesays.com\/fr\/wp-json\/wp\/v2\/users\/2"}],"replies":[{"embeddable":true,"href":"https:\/\/www.europesays.com\/fr\/wp-json\/wp\/v2\/comments?post=583204"}],"version-history":[{"count":0,"href":"https:\/\/www.europesays.com\/fr\/wp-json\/wp\/v2\/posts\/583204\/revisions"}],"wp:featuredmedia":[{"embeddable":true,"href":"https:\/\/www.europesays.com\/fr\/wp-json\/wp\/v2\/media\/583205"}],"wp:attachment":[{"href":"https:\/\/www.europesays.com\/fr\/wp-json\/wp\/v2\/media?parent=583204"}],"wp:term":[{"taxonomy":"category","embeddable":true,"href":"https:\/\/www.europesays.com\/fr\/wp-json\/wp\/v2\/categories?post=583204"},{"taxonomy":"post_tag","embeddable":true,"href":"https:\/\/www.europesays.com\/fr\/wp-json\/wp\/v2\/tags?post=583204"}],"curies":[{"name":"wp","href":"https:\/\/api.w.org\/{rel}","templated":true}]}}