{"id":583210,"date":"2025-12-07T00:58:11","date_gmt":"2025-12-07T00:58:11","guid":{"rendered":"https:\/\/www.europesays.com\/fr\/583210\/"},"modified":"2025-12-07T00:58:11","modified_gmt":"2025-12-07T00:58:11","slug":"miss-france-2026-harcelee-angelique-angarni-filopon-balance-un-tacle-a-ses-haters-en-pleine-ceremonie","status":"publish","type":"post","link":"https:\/\/www.europesays.com\/fr\/583210\/","title":{"rendered":"Miss France 2026 : harcel\u00e9e, Ang\u00e9lique Angarni-Filopon balance un tacle \u00e0 ses haters en pleine c\u00e9r\u00e9monie"},"content":{"rendered":"<p>Samedi 6\u202fd\u00e9cembre 2025, sur la s<a href=\"https:\/\/www.closermag.fr\/people\/miss-france-2026-miss-france-2026-miss-midi-pyrenees-chute-en-plein-defile-la-sequence-passee-presque-inapercue-3603106\" target=\"_blank\" rel=\"noopener\">c\u00e8ne<br \/>\ndu Miss France 2026<\/a>, c\u2019est une page qui s&rsquo;est tourn\u00e9e. Apr\u00e8s un<br \/>\nr\u00e8gne tumultueux mais toujours assum\u00e9, Ang\u00e9lique Angarni-Filopon a<br \/>\nremis sa couronne. L\u2019\u00e9motion \u00e9tait palpable. Drap\u00e9e dans une robe<br \/>\nrose, l\u2019ancienne Miss, la voix tremblante, a tenu dans ses mains le<br \/>\npr\u00e9cieux diad\u00e8me avant de le donner \u00e0 sa successeure. Beaucoup ont<br \/>\nretenu leur souffle et, elle, elle n\u2019a pas pu retenir ses<br \/>\nlarmes.<\/p>\n<p>D&rsquo;ailleurs, avant le tableau des 5 finalistes, Ang\u00e9lique<br \/>\nAngarni-Filopon a finalement r\u00e9ussi \u00e0 s&rsquo;exprimer et a partag\u00e9 un<br \/>\ndiscours \u00e9mouvant et surprenant. \u00ab\u00a0<strong>Je souhaite \u00e0 la<br \/>\nnouvelle Miss France qui sera extraordinaire de transmettre des<br \/>\nvaleurs humaines (&#8230;) la sagesse, la bienveillance et la<br \/>\ngentillesse.<\/strong>\u00a0\u00bb a-t-elle d\u00e9clar\u00e9. Puis, Miss France<br \/>\n2025 en a profit\u00e9 pour balancer un petit tacle \u00e0 ses haters :<br \/>\n\u00ab\u00a0<strong>Quant \u00e0 vous, je vous souhaite d&rsquo;\u00eatre aussi un petit<br \/>\nplus bienveillant avec elle que vous ne l&rsquo;avez \u00e9t\u00e9 avec moi<br \/>\nparfois. Je serai l\u00e0 pour l&rsquo;\u00e9pauler et la<br \/>\nsoutenir.<\/strong>\u00ab\u00a0<\/p>\n<p>Miss France 2026 : Ang\u00e9lique Angarni-Filopon tr\u00e8s \u00e9mue pendant<br \/>\nle show<\/p>\n<p>A noter que l&rsquo;\u00e9motion de Miss France 2025 \u00e9tait palpable d\u00e8s le<br \/>\nd\u00e9but du show orchestr\u00e9 par St\u00e9phane Jarni et anim\u00e9 par Jean-Pierre<br \/>\nFoucault. Avant le lancement des tableaux, la jeune femme a<br \/>\n<a href=\"https:\/\/www.closermag.fr\/people\/miss-france-2026-angelique-angarni-filopon-en-larmes-des-les-premieres-secondes-de-la-ceremonie-les-internautes-emus-3603094\" target=\"_blank\" rel=\"noopener\"><br \/>\n\u00e9clat\u00e9 en sanglots<\/a>. Sans dire un mot, elle a laiss\u00e9 parler son<br \/>\ncoeur. Une s\u00e9quence qui n&rsquo;a pas manqu\u00e9 d&rsquo;\u00e9mouvoir le public, le<br \/>\njury mais aussi les t\u00e9l\u00e9spectateurs et les internautes.<\/p>\n<p>Miss France 2025 sous le feu des<br \/>\ncritiques pendant un an<\/p>\n<p>Il faut rappeler que son ann\u00e9e de Miss France n\u2019a pas \u00e9t\u00e9 un<br \/>\nlong fleuve tranquille. Depuis son \u00e9lection en d\u00e9cembre\u202f2024, la<br \/>\nMartiniquaise a subi, comme elle l\u2019a parfois confi\u00e9, un d\u00e9ferlement<br \/>\nde haine (critiques sur son \u00e2ge, sa couleur de peau, ses cheveux<br \/>\ncourts, voire des insultes racistes ou transphobes.)\u00a0\u00c0 un<br \/>\nmoment, les attaques ont \u00e9t\u00e9 si virulentes qu\u2019elle avait <a href=\"https:\/\/www.closermag.fr\/people\/scandale-a-miss-france-pourquoi-angelique-angarni-filopon-a-voulu-rendre-sa-couronne-durant-son-regne-3593179\" target=\"_blank\" rel=\"noopener\"><br \/>\nsong\u00e9 \u00e0 rendre sa couronne<\/a>.<\/p>\n","protected":false},"excerpt":{"rendered":"Samedi 6\u202fd\u00e9cembre 2025, sur la sc\u00e8ne du Miss France 2026, c\u2019est une page qui s&rsquo;est tourn\u00e9e. Apr\u00e8s un&hellip;\n","protected":false},"author":2,"featured_media":583211,"comment_status":"","ping_status":"","sticky":false,"template":"","format":"standard","meta":{"footnotes":""},"categories":[1359],"tags":[43364,21303,58,59,1011,27,3034,973,65861],"class_list":{"0":"post-583210","1":"post","2":"type-post","3":"status-publish","4":"format-standard","5":"has-post-thumbnail","7":"category-people","8":"tag-angelique-angarni-filopon","9":"tag-buzz_nonli","10":"tag-divertissement","11":"tag-entertainment","12":"tag-fr","13":"tag-france","14":"tag-miss-france","15":"tag-people","16":"tag-trend"},"share_on_mastodon":{"url":"https:\/\/pubeurope.com\/@fr\/115675575433757059","error":""},"_links":{"self":[{"href":"https:\/\/www.europesays.com\/fr\/wp-json\/wp\/v2\/posts\/583210","targetHints":{"allow":["GET"]}}],"collection":[{"href":"https:\/\/www.europesays.com\/fr\/wp-json\/wp\/v2\/posts"}],"about":[{"href":"https:\/\/www.europesays.com\/fr\/wp-json\/wp\/v2\/types\/post"}],"author":[{"embeddable":true,"href":"https:\/\/www.europesays.com\/fr\/wp-json\/wp\/v2\/users\/2"}],"replies":[{"embeddable":true,"href":"https:\/\/www.europesays.com\/fr\/wp-json\/wp\/v2\/comments?post=583210"}],"version-history":[{"count":0,"href":"https:\/\/www.europesays.com\/fr\/wp-json\/wp\/v2\/posts\/583210\/revisions"}],"wp:featuredmedia":[{"embeddable":true,"href":"https:\/\/www.europesays.com\/fr\/wp-json\/wp\/v2\/media\/583211"}],"wp:attachment":[{"href":"https:\/\/www.europesays.com\/fr\/wp-json\/wp\/v2\/media?parent=583210"}],"wp:term":[{"taxonomy":"category","embeddable":true,"href":"https:\/\/www.europesays.com\/fr\/wp-json\/wp\/v2\/categories?post=583210"},{"taxonomy":"post_tag","embeddable":true,"href":"https:\/\/www.europesays.com\/fr\/wp-json\/wp\/v2\/tags?post=583210"}],"curies":[{"name":"wp","href":"https:\/\/api.w.org\/{rel}","templated":true}]}}