{"id":583212,"date":"2025-12-07T00:59:31","date_gmt":"2025-12-07T00:59:31","guid":{"rendered":"https:\/\/www.europesays.com\/fr\/583212\/"},"modified":"2025-12-07T00:59:31","modified_gmt":"2025-12-07T00:59:31","slug":"jessica-buczek-photographe-amoureuse-de-la-foret-de-bialowieza-entre-la-pologne-et-la-bielorussie","status":"publish","type":"post","link":"https:\/\/www.europesays.com\/fr\/583212\/","title":{"rendered":"Jessica Buczek, photographe amoureuse de la for\u00eat de Bia\u0142owie\u017ca, entre la Pologne et la Bi\u00e9lorussie"},"content":{"rendered":"<p class=\"PopSlotParagraph qg-tx2 qg-xtra-lh svelte-1r0pyek\">Pour suivre\u00a0<a href=\"https:\/\/jessicabuczek.com\/\" target=\"_blank\" rel=\"noopener noreferrer\" class=\"\" data-testid=\"link\">Jessica Buczek<\/a>\u00a0sur les chemins de la r\u00e9serve de Bia\u0142owie\u017ca, il faut \u00eatre bien chauss\u00e9, et ne pas craindre la pluie ou la neige. La jeune femme de 32 ans, originaire de la Loire, qui a d\u00e9but\u00e9 la photographie \u00e0 14 ans dans le Parc r\u00e9gional du Pilat, a d\u00e9couvert les lieux pour la premi\u00e8re fois en 2019. Elle venait alors tout juste de remporter une bourse, la bourse Iris-Terre Sauvage, qui lui avait permis de r\u00e9aliser une premi\u00e8re s\u00e9rie de photos sur place. Et depuis, celle qui est devenue maman entre temps n\u2019avait qu\u2019une envie\u00a0: celle d\u2019y retourner.<\/p>\n<p> Vingt-six esp\u00e8ces d&rsquo;arbres<\/p>\n<p class=\"PopSlotParagraph qg-tx2 qg-xtra-lh svelte-1r0pyek\">\u00ab\u00a0\u00c7a a \u00e9t\u00e9 un coup de foudre, explique Jessica Buczek. Il est rarissime de pouvoir contempler une for\u00eat dans laquelle on trouve 26 esp\u00e8ces d&rsquo;arbres. On a toujours eu l&rsquo;impression d&rsquo;\u00eatre tout petit quand on est face \u00e0 ces colosses.\u00a0\u00bb\u00a0La photographe aime se promener au hasard, \u00e0 la recherche d\u2019arbres remarquables, parfois plusieurs fois centenaires. \u00c9rables, ch\u00eanes, tilleuls, \u00e9pic\u00e9as, bouleaux, trembles\u00a0: ce sanctuaire, o\u00f9 la nature a \u00e9t\u00e9 pr\u00e9serv\u00e9e depuis la fin de l\u2019\u00e8re glaciaire, il y a pr\u00e8s de 12 000 ans, s\u2019\u00e9tend sur 150 000 hectares, des deux c\u00f4t\u00e9s de la fronti\u00e8re entre la Pologne et la Bi\u00e9lorussie.<\/p>\n<p class=\"PopSlotParagraph qg-tx2 qg-xtra-lh svelte-1r0pyek\">La photographe s\u2019arr\u00eate devant un charme. \u00ab\u00a0C\u2019est un des arbres, explique-t-elle, qu&rsquo;on observe le plus facilement ici. Vous pouvez constater que l&rsquo;int\u00e9rieur de l\u2019arbre est compl\u00e8tement \u00e9vid\u00e9, il est creux. On peut m\u00eame passer la main d&rsquo;un c\u00f4t\u00e9 et ressortir de l&rsquo;autre. C&rsquo;est compliqu\u00e9 \u00e0 mettre en image, mais oui, j&rsquo;ai quelques images en t\u00eate \u00e0 r\u00e9aliser, o\u00f9 on voit l&rsquo;arbre compl\u00e8tement creux et la lumi\u00e8re du jour qui passe \u00e0 travers le tronc, alors que l\u2019arbre est toujours bien vivant.\u00a0\u00bb<\/p>\n<p>  <img decoding=\"async\" class=\"Image-preview  svelte-1b9cmvl\" data-testid=\"image-preview\" src=\"data:image\/jpeg;charset=utf-8;base64, \/9j\/2wBDACgcHiMeGSgjISMtKygwPGRBPDc3PHtYXUlkkYCZlo+AjIqgtObDoKrarYqMyP\/L2u71\/\/\/\/m8H\/\/\/\/6\/+b9\/\/j\/2wBDASstLTw1PHZBQXb4pYyl+Pj4+Pj4+Pj4+Pj4+Pj4+Pj4+Pj4+Pj4+Pj4+Pj4+Pj4+Pj4+Pj4+Pj4+Pj4+Pj4+Pj\/wAARCAAqAB8DASIAAhEBAxEB\/8QAFwABAQEBAAAAAAAAAAAAAAAAAgEDAP\/EABcQAQEBAQAAAAAAAAAAAAAAAAABEQL\/xAAWAQEBAQAAAAAAAAAAAAAAAAAAAQL\/xAAVEQEBAAAAAAAAAAAAAAAAAAAAAf\/aAAwDAQACEQMRAD8AMKUF0GkpSsp0s6Zoz1NdaNrSlqys9WVmjrRWoo4oMKIP\/9k=\" alt=\"\" aria-hidden=\"false\"\/>     <img decoding=\"async\" src=\"https:\/\/www.europesays.com\/fr\/wp-content\/uploads\/2025\/12\/860_sc_web3.jpg\" loading=\"lazy\" fetchpriority=\"low\" width=\"860\" height=\"1146\" class=\"Image-main  svelte-1b9cmvl rounded\" data-testid=\"image-src\" alt=\"Jessica Buczek photographie des arbres plusieurs fois centenaires.\" aria-hidden=\"false\" onload=\"this.__e=event\" onerror=\"this.__e=event\"\/> Jessica Buczek photographie des arbres plusieurs fois centenaires. \u00a9 Radio France &#8211; Virginie Pironon Une nuit enti\u00e8re \u00e0 observer les bisons<\/p>\n<p class=\"PopSlotParagraph qg-tx2 qg-xtra-lh svelte-1r0pyek\">Jessica Buczek est \u00e9galement passionn\u00e9e par les mammif\u00e8res\u00a0: cerfs, chevreuils, renards, loups, et bien s\u00fbr, les bisons, rois de la for\u00eat de Bia\u0142owie\u017ca. Un soir, alors que plusieurs femelles et un petit lui barraient le chemin du retour, la photographe a pass\u00e9 une nuit enti\u00e8re, sur place, sans \u00eatre pr\u00e9par\u00e9e, avec l\u2019espoir de les photographier au petit matin. Une exp\u00e9rience que la jeune femme n\u2019est pas pr\u00eate d\u2019oublier. \u00ab\u00a0Au lever du jour, j\u2019ai regard\u00e9 dans le viseur de l\u2019appareil photo une premi\u00e8re fois. Je n\u2019ai rien vu. Une deuxi\u00e8me fois. Je n\u2019ai rien vu. A la troisi\u00e8me fois, j\u2019ai eu la certitude qu\u2019il n\u2019y avait plus rien. Et donc les huit bisons, plus le veau, avaient disparu, en pleine nuit, sans faire de bruit\u00a0!\u00a0\u00bb<\/p>\n<p> Un mur \u00e9rig\u00e9 \u00e0 la fronti\u00e8re&#8230;<\/p>\n<p class=\"PopSlotParagraph qg-tx2 qg-xtra-lh svelte-1r0pyek\">Les bisons sont 1 500 environ des deux c\u00f4t\u00e9s de la fronti\u00e8re. Comme les autres mammif\u00e8res, ils souffrent des tensions g\u00e9opolitiques qui traversent le territoire. Un mur de 5,5 m\u00e8tres de haut a \u00e9t\u00e9 \u00e9rig\u00e9 par les autorit\u00e9s polonaises en 2022 pour lutter contre l\u2019arriv\u00e9e massive de migrants, instrumentalis\u00e9s par le pr\u00e9sident bi\u00e9lorusse Alexandre Loukachenko. Et cette barri\u00e8re est en ce moment renforc\u00e9e, en raison de la guerre en Ukraine. \u00ab\u00a0On voit passer de tr\u00e8s nombreux camions qui se dirigent manifestement sur un chantier de construction d&rsquo;une route \u00e0 la fronti\u00e8re. Ces allers et venues ont un impact \u00e0 la fois sur la for\u00eat et sur toute la vie qu\u2019elle abrite. On note des changements de comportement de certains animaux qui ont tendance \u00e0 d\u00e9placer leur activit\u00e9 sur une activit\u00e9 nocturne.\u00a0\u00bb<\/p>\n<p> &#8230; Alors que les migrants continuent \u00e0 affluer<\/p>\n<p class=\"PopSlotParagraph qg-tx2 qg-xtra-lh svelte-1r0pyek\">Une militarisation de la fronti\u00e8re \u00e0 laquelle il faut ajouter l\u2019arriv\u00e9e de migrants, qui se poursuit. **\u00a0\u00bb**Quand on marche en for\u00eat r\u00e9guli\u00e8rement, on tombe sur des bottes, sur des manteaux, sur des pantalons, sur des sacs \u00e0 dos, sur des emballages de g\u00e2teaux, sur des bouteilles en plastique, sur des cartes de t\u00e9l\u00e9phone. Moi, cette for\u00eat, je l&rsquo;ai d\u00e9couverte avec un regard compl\u00e8tement \u00e9merveill\u00e9. Pour moi, c&rsquo;\u00e9tait un r\u00eave de venir ici. Et aujourd&rsquo;hui, je pense \u00e0 tous ces gens qui ont fait cette travers\u00e9e de la for\u00eat avec des perspectives compl\u00e8tement diff\u00e9rentes\u2026 ce qui compte, c&rsquo;est un apaisement des tensions. Que la situation ici s&rsquo;arrange.\u00a0\u00bb<\/p>\n<p class=\"PopSlotParagraph qg-tx2 qg-xtra-lh svelte-1r0pyek\">En attendant, Jessica Buczek poursuit inlassablement son travail, avec peut-\u00eatre, dans quelques mois, un livre \u00e0 la cl\u00e9.<\/p>\n<p class=\"qg-sr-only\" role=\"heading\" aria-level=\"3\">Pour voir ce contenu, acceptez les cookies.<\/p>\n<p class=\"ConsentNotice-description qg-tx3 svelte-m9wmt1\">Pour afficher ce contenu Instagram, vous devez accepter les cookies <b>R\u00e9seaux Sociaux<\/b>.<br \/>Ces cookies permettent de partager ou r\u00e9agir directement sur les r\u00e9seaux sociaux auxquels vous \u00eates connect\u00e9s ou d&rsquo;int\u00e9grer du contenu initialement post\u00e9 sur ces r\u00e9seaux sociaux. Ils permettent aussi aux r\u00e9seaux sociaux d&rsquo;utiliser vos visites sur nos sites et applications \u00e0 des fins de personnalisation et de ciblage publicitaire.<\/p>\n<p>  G\u00e9rer mes choix     J&rsquo;autorise  <\/p>\n","protected":false},"excerpt":{"rendered":"Pour suivre\u00a0Jessica Buczek\u00a0sur les chemins de la r\u00e9serve de Bia\u0142owie\u017ca, il faut \u00eatre bien chauss\u00e9, et ne pas&hellip;\n","protected":false},"author":2,"featured_media":583213,"comment_status":"","ping_status":"","sticky":false,"template":"","format":"standard","meta":{"footnotes":""},"categories":[1358],"tags":[1348,1384,1385,1386,58,59,1011,27],"class_list":{"0":"post-583212","1":"post","2":"type-post","3":"status-publish","4":"format-standard","5":"has-post-thumbnail","7":"category-arts-et-design","8":"tag-arts","9":"tag-arts-and-design","10":"tag-arts-et-design","11":"tag-design","12":"tag-divertissement","13":"tag-entertainment","14":"tag-fr","15":"tag-france"},"share_on_mastodon":{"url":"https:\/\/pubeurope.com\/@fr\/115675580476224524","error":""},"_links":{"self":[{"href":"https:\/\/www.europesays.com\/fr\/wp-json\/wp\/v2\/posts\/583212","targetHints":{"allow":["GET"]}}],"collection":[{"href":"https:\/\/www.europesays.com\/fr\/wp-json\/wp\/v2\/posts"}],"about":[{"href":"https:\/\/www.europesays.com\/fr\/wp-json\/wp\/v2\/types\/post"}],"author":[{"embeddable":true,"href":"https:\/\/www.europesays.com\/fr\/wp-json\/wp\/v2\/users\/2"}],"replies":[{"embeddable":true,"href":"https:\/\/www.europesays.com\/fr\/wp-json\/wp\/v2\/comments?post=583212"}],"version-history":[{"count":0,"href":"https:\/\/www.europesays.com\/fr\/wp-json\/wp\/v2\/posts\/583212\/revisions"}],"wp:featuredmedia":[{"embeddable":true,"href":"https:\/\/www.europesays.com\/fr\/wp-json\/wp\/v2\/media\/583213"}],"wp:attachment":[{"href":"https:\/\/www.europesays.com\/fr\/wp-json\/wp\/v2\/media?parent=583212"}],"wp:term":[{"taxonomy":"category","embeddable":true,"href":"https:\/\/www.europesays.com\/fr\/wp-json\/wp\/v2\/categories?post=583212"},{"taxonomy":"post_tag","embeddable":true,"href":"https:\/\/www.europesays.com\/fr\/wp-json\/wp\/v2\/tags?post=583212"}],"curies":[{"name":"wp","href":"https:\/\/api.w.org\/{rel}","templated":true}]}}