{"id":583214,"date":"2025-12-07T01:01:30","date_gmt":"2025-12-07T01:01:30","guid":{"rendered":"https:\/\/www.europesays.com\/fr\/583214\/"},"modified":"2025-12-07T01:01:30","modified_gmt":"2025-12-07T01:01:30","slug":"audiences-4e-meilleur-score-historique-pour-le-complement-denquete-sur-cnews","status":"publish","type":"post","link":"https:\/\/www.europesays.com\/fr\/583214\/","title":{"rendered":"Audiences : 4e meilleur score historique pour le \u201cCompl\u00e9ment d\u2019enqu\u00eate\u201d sur CNews"},"content":{"rendered":"<p>                <img loading=\"lazy\" decoding=\"async\" src=\"https:\/\/www.europesays.com\/fr\/wp-content\/uploads\/2025\/04\/87-65fc4537aa4a1-35x35-1.jpg\" class=\"author-article-picture\" width=\"35\" height=\"35\"\/><\/p>\n<p>                    Par<\/p>\n<p>                                            <a class=\"author-article-bio-link\" href=\"https:\/\/www.ozap.com\/auteur\/olivier-cortinovis_a87\" target=\"_blank\" rel=\"noopener\">Olivier Cortinovis<\/a><\/p>\n<p>                    |<\/p>\n<p>                                            Journaliste<\/p>\n<p>\n                Sportif frustr\u00e9 (les ligaments crois\u00e9s tu connais\u2026) qui a choisi le journalisme pour tacler ceux qui ont r\u00e9ussi. Mon volume de jeu me permet aujourd\u2019hui de couvrir toujours autant de terrain, des grands shows de la TNT (Koh-Lanta, Star Academy, P\u00e9kin Express) aux s\u00e9ries les plus confidentielles sur Netflix. Avec un seul credo dans la musette : celui de raconter des histoires avec de l\u2019humain et un peu d\u2019humour dedans\n            <\/p>\n<p>\n    Les audiences du num\u00e9ro sur les m\u00e9thodes de la cha\u00eene d&rsquo;information en continu ne font que grimper gr\u00e2ce au replay.\n<\/p>\n<p>                            <img loading=\"lazy\" decoding=\"async\" class=\"player-thumbnail\" src=\"https:\/\/www.europesays.com\/fr\/wp-content\/uploads\/2025\/12\/838122cdfc2eff3c-580x326-1.jpg\" width=\"580\" height=\"326\"\/><\/p>\n<p>                            \u00ab\u00a0Tu as travaill\u00e9 pendant 10 mois et il n&rsquo;y a rien\u00a0\u00bb : Pascal Praud d\u00e9zingue le \u00ab\u00a0Compl\u00e9ment d&rsquo;enqu\u00eate\u00a0\u00bb sur CNews \u00a9 CNEWS, Capture d&rsquo;\u00e9cran France 2.<\/p>\n<p>La suite apr\u00e8s la publicit\u00e9<\/p>\n<p>Le \u00ab\u00a0Compl\u00e9ment d&rsquo;enqu\u00eate\u00a0\u00bb sur \u00ab\u00a0La m\u00e9thode CNews\u00a0\u00bb se hissera-t-il sur le podium des meilleures audiences du magazine de France 2 ? Annonc\u00e9e depuis plusieurs mois, le reportage de la journaliste Lilya Melkonian avait<a href=\"https:\/\/www.ozap.com\/actu\/obsessions-de-pascal-praud-temoignage-choc-dune-victime-de-jean-marc-morandini-on-a-vu-le-numero-de-complement-denquete-sur-cnews\/652635\" target=\"_blank\" rel=\"noopener\"> fait couler beaucoup d&rsquo;encre <\/a>avant m\u00eame sa diffusion. Un battement m\u00e9diatique qui a profit\u00e9 \u00e0 l&rsquo;\u00e9mission pr\u00e9sent\u00e9e par <a href=\"https:\/\/www.ozap.com\/personnalite\/tristan-waleckx_e213165\" target=\"_blank\" rel=\"noopener\">Tristan Waleckx <\/a>puisque le num\u00e9ro propos\u00e9 le jeudi 27 novembre 2025 a \u00e9tabli <a href=\"https:\/\/www.ozap.com\/actu\/audiences-quel-score-pour-le-complement-denquete-evenement-sur-cnews\/652658\" target=\"_blank\" rel=\"noopener\">un nouveau record de saison<\/a>. Selon M\u00e9diam\u00e9trie, <strong>1,09 million de curieux <\/strong>s&rsquo;\u00e9taient branch\u00e9s sur la Deux entre<strong> <\/strong>23h02 et 00h19 pour d\u00e9couvrir les coulisses de la cha\u00eene d&rsquo;information, ce qui repr\u00e9sente<strong> 15,1%<\/strong> du public \u00e2g\u00e9 de quatre ans et plus (4+), <strong>17,6%<\/strong> des 25-49 ans et <strong>15,6%<\/strong> des femmes responsables des achats de moins de cinquante ans (FRDA-50).\u00a0<\/p>\n<p>526.000 t\u00e9l\u00e9spectateurs suppl\u00e9mentaires gr\u00e2ce au replay<\/p>\n<p><a href=\"https:\/\/www.ozap.com\/actu\/un-record-depuis-2-ans-le-complement-denquete-sur-cnews-cartonne-en-replay\/652708\" target=\"_blank\" rel=\"noopener\">Le score a depuis \u00e9t\u00e9 explos\u00e9<\/a> gr\u00e2ce aux visionnages en replay. Le 1er d\u00e9cembre, le pr\u00e9sentateur du programme effectuait un bel \u00e9tat des lieux, \u00e0 J+3 de la diffusion en lin\u00e9aire. \u00ab\u00a0Malgr\u00e9 des dizaines d&rsquo;heures d\u2019attaques de Cnews, notre &lsquo;Compl\u00e9ment d&rsquo;enqu\u00eate&rsquo; sur la 1ere cha\u00eene de (d\u00e9s?)info en continu de France a \u00e9t\u00e9 vu 350.000 fois en 3 jours sur la plateforme France.tv. Un record depuis 2 ans\u00a0\u00bb, se f\u00e9licitait-il, lui et ses \u00e9quipes, sur le r\u00e9seau social X.\u00a0<\/p>\n<p>Son enthousiasme a pris une ampleur encore plus consid\u00e9rable, ce vendredi, apr\u00e8s avoir constat\u00e9 la progression constante des vues de ce num\u00e9ro sur le digital. \u00ab\u00a0Vous \u00eates d\u00e9j\u00e0 plus de 1,6 million de t\u00e9l\u00e9spectateurs \u00e0 avoir regard\u00e9 notre \u00ab\u00a0Compl\u00e9ment d&rsquo;enqu\u00eate\u00a0\u00bb sur CNews, replay inclus. C\u2019est la 4e meilleure audience historique, avec 19,9% de PdA consolid\u00e9e\u00a0\u00bb, a soulign\u00e9 <a href=\"https:\/\/www.ozap.com\/actu\/c-est-un-naufrage-pascal-praud-dezingue-le-complement-d-enquete-de-france-2-sur-cnews\/652662\" target=\"_blank\" rel=\"noopener\">celui qui n&rsquo;a pas \u00e9t\u00e9 \u00e9pargn\u00e9 par Pascal Praud<\/a> suite \u00e0 cette enqu\u00eate d\u00e9nu\u00e9e de \u00ab\u00a0r\u00e9v\u00e9lations fracassantes\u00a0\u00bb selon le contradicteur. Au total, ce sont 526.000 t\u00e9l\u00e9spectateurs suppl\u00e9mentaires qui ont rattrap\u00e9 le documentaire dans les 7 jours qui ont suivi sa diffusion en direct.<\/p>\n<blockquote class=\"twitter-tweet\">\n<p lang=\"fr\" dir=\"ltr\">\ud83e\udd1dVous \u00eates d\u00e9j\u00e0 plus de 1,6 million de t\u00e9l\u00e9spectateurs \u00e0 avoir regard\u00e9 notre <a href=\"https:\/\/twitter.com\/hashtag\/Compl%C3%A9mentDenquete?src=hash&amp;ref_src=twsrc%5Etfw\" target=\"_blank\" rel=\"noopener\">#Compl\u00e9mentDenquete<\/a> sur <a href=\"https:\/\/twitter.com\/hashtag\/Cnews?src=hash&amp;ref_src=twsrc%5Etfw\" target=\"_blank\" rel=\"noopener\">#Cnews<\/a>, replay inclus.<br \/>C\u2019est la 4e meilleure audience historique, avec 19,9% de PdA consolid\u00e9e. <br \/>Merci de votre confiance ! Et pour ceux qui rat\u00e9\ud83d\udc47<a href=\"https:\/\/t.co\/sXifFHeyyd\">https:\/\/t.co\/sXifFHeyyd<\/a><\/p>\n<p>\u2014 Tristan Waleckx (@tristanwaleckx) <a href=\"https:\/\/twitter.com\/tristanwaleckx\/status\/1996970150961033517?ref_src=twsrc%5Etfw\" target=\"_blank\" rel=\"noopener\">December 5, 2025<\/a><\/p><\/blockquote>\n<p>A lire aussi : <a href=\"https:\/\/www.ozap.com\/actu\/il-est-un-peu-en-panique-tristan-waleckx-devoile-les-dessous-de-ses-echanges-avec-pascal-praud-depuis-la-diffusion-du-complement-denquete-sur-cnews\/652712\" target=\"_blank\" rel=\"noopener\"><strong>\u00ab\u00a0Il est un peu en panique\u00a0\u00bb : Tristan Waleckx d\u00e9voile les dessous de ses \u00e9changes avec Pascal Praud depuis la diffusion du \u00ab\u00a0Compl\u00e9ment d\u2019enqu\u00eate\u00a0\u00bb sur CNews<\/strong><\/a><\/p>\n<p>Cyril Hanouna garde une belle longueur d&rsquo;avance<\/p>\n<p>Le portrait de Cyril Hanouna conserve le record historique du programme. Pour rappel, \u00ab\u00a0Cyril Hanouna, le nouveau parrain du PAF\u00a0\u00bb avait mobilis\u00e9 3,03 millions de t\u00e9l\u00e9spectateurs le jeudi 30 novembre 2023 entre 22h58 et 00h27 (32,9% du public et 30,8% des FRDA-50). Une semaine plus tard, le jeudi 7 d\u00e9cembre 2023, l&rsquo;\u00e9mission sur le th\u00e8me \u00ab\u00a0G\u00e9rard Depardieu, la chute de l&rsquo;ogre\u00a0\u00bb avait convaincu 1,52 million de t\u00e9l\u00e9spectateurs entre 23h02 \u00e0 00h18 (18,5% du public et 13,3% des FRDA-50). Enfin, le num\u00e9ro d\u00e9di\u00e9 <a href=\"https:\/\/www.ozap.com\/actu\/-complement-d-enquete-sur-les-influenceurs-record-historique-pour-un-magazine-en-replay-sur-france-tv\/621484\" target=\"_blank\" rel=\"noopener\">au business des influenceurs<\/a>, avec Magali Berdah en t\u00eate de gondole, occupe toujours la troisi\u00e8me place du podium gr\u00e2ce au \u00ab\u00a0ph\u00e9nom\u00e8ne hallucinant\u00a0\u00bb engendr\u00e9 sur les r\u00e9seaux sociaux. Mais sa place vacille.\u00a0<\/p>\n<p>        <script async src=\"https:\/\/platform.twitter.com\/widgets.js\" charset=\"utf-8\"><\/script><\/p>\n","protected":false},"excerpt":{"rendered":"Par Olivier Cortinovis | Journaliste Sportif frustr\u00e9 (les ligaments crois\u00e9s tu connais\u2026) qui a choisi le journalisme pour&hellip;\n","protected":false},"author":2,"featured_media":583215,"comment_status":"","ping_status":"","sticky":false,"template":"","format":"standard","meta":{"footnotes":""},"categories":[1356],"tags":[58,59,1011,27,252,1364],"class_list":{"0":"post-583214","1":"post","2":"type-post","3":"status-publish","4":"format-standard","5":"has-post-thumbnail","7":"category-television","8":"tag-divertissement","9":"tag-entertainment","10":"tag-fr","11":"tag-france","12":"tag-television","13":"tag-tv"},"share_on_mastodon":{"url":"https:\/\/pubeurope.com\/@fr\/115675587836003813","error":""},"_links":{"self":[{"href":"https:\/\/www.europesays.com\/fr\/wp-json\/wp\/v2\/posts\/583214","targetHints":{"allow":["GET"]}}],"collection":[{"href":"https:\/\/www.europesays.com\/fr\/wp-json\/wp\/v2\/posts"}],"about":[{"href":"https:\/\/www.europesays.com\/fr\/wp-json\/wp\/v2\/types\/post"}],"author":[{"embeddable":true,"href":"https:\/\/www.europesays.com\/fr\/wp-json\/wp\/v2\/users\/2"}],"replies":[{"embeddable":true,"href":"https:\/\/www.europesays.com\/fr\/wp-json\/wp\/v2\/comments?post=583214"}],"version-history":[{"count":0,"href":"https:\/\/www.europesays.com\/fr\/wp-json\/wp\/v2\/posts\/583214\/revisions"}],"wp:featuredmedia":[{"embeddable":true,"href":"https:\/\/www.europesays.com\/fr\/wp-json\/wp\/v2\/media\/583215"}],"wp:attachment":[{"href":"https:\/\/www.europesays.com\/fr\/wp-json\/wp\/v2\/media?parent=583214"}],"wp:term":[{"taxonomy":"category","embeddable":true,"href":"https:\/\/www.europesays.com\/fr\/wp-json\/wp\/v2\/categories?post=583214"},{"taxonomy":"post_tag","embeddable":true,"href":"https:\/\/www.europesays.com\/fr\/wp-json\/wp\/v2\/tags?post=583214"}],"curies":[{"name":"wp","href":"https:\/\/api.w.org\/{rel}","templated":true}]}}