{"id":583216,"date":"2025-12-07T01:02:12","date_gmt":"2025-12-07T01:02:12","guid":{"rendered":"https:\/\/www.europesays.com\/fr\/583216\/"},"modified":"2025-12-07T01:02:12","modified_gmt":"2025-12-07T01:02:12","slug":"solann-la-colere-nest-pas-un-privilege-masculin","status":"publish","type":"post","link":"https:\/\/www.europesays.com\/fr\/583216\/","title":{"rendered":"Solann\u00a0: \u00ab\u00a0La col\u00e8re n&rsquo;est pas un privil\u00e8ge masculin\u00a0\u00bb"},"content":{"rendered":"<p class=\"PopSlotParagraph qg-tx2 qg-xtra-lh svelte-1r0pyek\">Le billet de Camille<\/p>\n<p class=\"PopSlotParagraph qg-tx2 qg-xtra-lh svelte-1r0pyek\">Solann, Clara Luciani, Ang\u00e8le, Marguerite,\u00a0Yoa, Helena, Theodora ou encore Pomme\u00a0: toutes ces artistes incarnent, chacune \u00e0 leur fa\u00e7on, une sorte de nouvelle sc\u00e8ne francophone post #MeToo. Elles chantent frontalement le harc\u00e8lement, le consentement, les amours lesbiennes, les violences sexuelles. Et elles le font avec les armes de la pop.<br \/>Il est arriv\u00e9 que l&rsquo;on reproche \u00e0 des artistes, Beyonc\u00e9 par exemple, un f\u00e9minisme trop lib\u00e9ral, qui tourne \u00e0 la strat\u00e9gie commerciale.<br \/>Mais avec les artistes de cette nouvelle g\u00e9n\u00e9ration, ayant, comme leurs ain\u00e9es, subi le sexisme, parfois les violences, la diff\u00e9rence est que #MeToo leur a appris \u00e0 les voir et \u00e0 les nommer.<\/p>\n<p class=\"PopSlotParagraph qg-tx2 qg-xtra-lh svelte-1r0pyek\">Une g\u00e9n\u00e9ration en col\u00e8re, et qui en fait de la musique.<\/p>\n<p class=\"Audio-title qg-st5 svelte-n0q4ie\">La pop fran\u00e7aise post #MeToo<\/p>\n<p class=\"Audio-duration qg-tx3 svelte-n0q4ie\">3 min<\/p>\n<p class=\"PopSlotParagraph qg-tx2 qg-xtra-lh svelte-1r0pyek\">Solann se reconnait dans cette forme d&rsquo;engagement\u00a0: \u00ab\u00a0Cela aurait \u00e9t\u00e9 un effort conscient de ma part de ne pas \u00eatre engag\u00e9e. J&rsquo;ai des parents intermittents et prolos, j&rsquo;ai pass\u00e9 mon temps dans les manifestations, cela aurait \u00e9t\u00e9 tr\u00e8s difficile d&rsquo;avoir des textes d\u00e9nu\u00e9s de tout engagement. L&rsquo;art est politique car c&rsquo;est ma parole dans un espace public.\u00a0\u00bb<\/p>\n<p class=\"PopSlotParagraph qg-tx2 qg-xtra-lh svelte-1r0pyek\">Un engagement que l&rsquo;on retrouve donc dans ses textes\u00a0: \u00ab\u00a0Je crois que je suis en col\u00e8re tout le temps. Mais dans notre soci\u00e9t\u00e9, il ne faut pas que les femmes expriment trop ce sentiment. Les hommes ne doivent pas exprimer leur tristesse, et les femmes leur plaintes, leurs revendications. Je suis quelqu&rsquo;un de tr\u00e8s doux mais je mets cette col\u00e8re dans ma musique et dans une certaine forme de lutte.\u00a0\u00bb<\/p>\n<p class=\"Audio-title qg-st5 svelte-n0q4ie\">Solann en live dans Tapage, avec le titre \u00ab\u00a0Thelma &amp; Louise\u00a0\u00bb.<\/p>\n<p class=\"Audio-duration qg-tx3 svelte-n0q4ie\">2 min<\/p>\n<p class=\"PopSlotParagraph qg-tx2 qg-xtra-lh svelte-1r0pyek\">Elle assume compl\u00e8tement un c\u00f4t\u00e9 drama-queen\u00a0: \u00ab\u00a0C&rsquo;est une carapace, cela me permet de justifier le fait d&rsquo;oser me montrer sur sc\u00e8ne et de me dire que je suis l\u00e9gitime de le faire. C&rsquo;est aussi li\u00e9 \u00e0 ma sensibilit\u00e9, et le fait de ressentir parfois les choses plus fortement qu&rsquo;elles le sont.\u00a0\u00bb<\/p>\n<p class=\"PopSlotParagraph qg-tx2 qg-xtra-lh svelte-1r0pyek\">Sa voix et ses textes renvoient l&rsquo;image d&rsquo;une artiste anachronique\u00a0: \u00ab\u00a0J&rsquo;ai toujours eu ce c\u00f4t\u00e9-l\u00e0, peut-\u00eatre parce que j&rsquo;ai grandi en \u00e9coutant du th\u00e9\u00e2tre, en entendant mon p\u00e8re r\u00e9citer ses textes, et rapidement j&rsquo;ai eu cette fa\u00e7on de parler qui n&rsquo;\u00e9tait pas vraiment de mon \u00e2ge. J&rsquo;ai fini par accepter et cultiver ce c\u00f4t\u00e9 \u00e9trange.\u00a0\u00bb<\/p>\n<p class=\"Audio-title qg-st5 svelte-n0q4ie\">La carte blanche live de Solann, la reprise d'\u00a0\u00bbHier encore\u00a0\u00bb de Charles Aznavour<\/p>\n<p class=\"Audio-duration qg-tx3 svelte-n0q4ie\">1 min<\/p>\n<p class=\"PopSlotParagraph qg-tx2 qg-xtra-lh svelte-1r0pyek\">Si vous souhaitez \u00e9couter le message de Yoa, en savoir plus sur l&rsquo;origine du pr\u00e9nom de Solann, son chat Morph\u00e9e, le th\u00e8me de la faim d\u00e9velopp\u00e9 dans ses chansons, les sonorit\u00e9s de ses origines arm\u00e9niennes dans sa musique, ses vacances \u00e0 Marseille chez ses grands-parents, sa passion pour Anne Sylvestre, son choix de titre li\u00e9 \u00e0 la f\u00eate, \u00e9coutez l&rsquo;\u00e9mission.<\/p>\n","protected":false},"excerpt":{"rendered":"Le billet de Camille Solann, Clara Luciani, Ang\u00e8le, Marguerite,\u00a0Yoa, Helena, Theodora ou encore Pomme\u00a0: toutes ces artistes incarnent,&hellip;\n","protected":false},"author":2,"featured_media":583217,"comment_status":"","ping_status":"","sticky":false,"template":"","format":"standard","meta":{"footnotes":""},"categories":[1355],"tags":[58,59,1011,27,1361,873],"class_list":{"0":"post-583216","1":"post","2":"type-post","3":"status-publish","4":"format-standard","5":"has-post-thumbnail","7":"category-musique","8":"tag-divertissement","9":"tag-entertainment","10":"tag-fr","11":"tag-france","12":"tag-music","13":"tag-musique"},"share_on_mastodon":{"url":"https:\/\/pubeurope.com\/@fr\/115675591133068959","error":""},"_links":{"self":[{"href":"https:\/\/www.europesays.com\/fr\/wp-json\/wp\/v2\/posts\/583216","targetHints":{"allow":["GET"]}}],"collection":[{"href":"https:\/\/www.europesays.com\/fr\/wp-json\/wp\/v2\/posts"}],"about":[{"href":"https:\/\/www.europesays.com\/fr\/wp-json\/wp\/v2\/types\/post"}],"author":[{"embeddable":true,"href":"https:\/\/www.europesays.com\/fr\/wp-json\/wp\/v2\/users\/2"}],"replies":[{"embeddable":true,"href":"https:\/\/www.europesays.com\/fr\/wp-json\/wp\/v2\/comments?post=583216"}],"version-history":[{"count":0,"href":"https:\/\/www.europesays.com\/fr\/wp-json\/wp\/v2\/posts\/583216\/revisions"}],"wp:featuredmedia":[{"embeddable":true,"href":"https:\/\/www.europesays.com\/fr\/wp-json\/wp\/v2\/media\/583217"}],"wp:attachment":[{"href":"https:\/\/www.europesays.com\/fr\/wp-json\/wp\/v2\/media?parent=583216"}],"wp:term":[{"taxonomy":"category","embeddable":true,"href":"https:\/\/www.europesays.com\/fr\/wp-json\/wp\/v2\/categories?post=583216"},{"taxonomy":"post_tag","embeddable":true,"href":"https:\/\/www.europesays.com\/fr\/wp-json\/wp\/v2\/tags?post=583216"}],"curies":[{"name":"wp","href":"https:\/\/api.w.org\/{rel}","templated":true}]}}