{"id":583224,"date":"2025-12-07T01:06:15","date_gmt":"2025-12-07T01:06:15","guid":{"rendered":"https:\/\/www.europesays.com\/fr\/583224\/"},"modified":"2025-12-07T01:06:15","modified_gmt":"2025-12-07T01:06:15","slug":"miss-france-2026-apres-une-annee-compliquee-angelique-angarni-filopon-en-larmes-sur-la-scene-du-zenith-damiens","status":"publish","type":"post","link":"https:\/\/www.europesays.com\/fr\/583224\/","title":{"rendered":"Miss France 2026\u00a0: apr\u00e8s une ann\u00e9e compliqu\u00e9e, Ang\u00e9lique-Angarni Filopon en larmes sur la sc\u00e8ne du Z\u00e9nith d&rsquo;Amiens"},"content":{"rendered":"<p>      R\u00e9sum\u00e9<\/p>\n<p>Ce samedi 6 d\u00e9cembre, Ang\u00e9liqeu Angarni-Filopon est apparue en larmes sur la sc\u00e8ne du Z\u00e9nith d&rsquo;Amiens dans la Somme. Trente candidates \u00e2g\u00e9es de 18 \u00e0 30 ans r\u00eavent de lui succ\u00e9der.<\/p>\n<p>        Sommaire<\/p>\n<p>Elles sont trente\u2026 <strong><a href=\"https:\/\/www.public.fr\/miss-france-2026-pourquoi-les-12-premieres-miss-ont-deja-ete-choisies-avant-meme-la-ceremonie\" target=\"_blank\" rel=\"noopener\">Trente Miss \u00e2g\u00e9es de 18 \u00e0 30 ans<\/a><\/strong> sont r\u00e9unies ce samedi 6\u00a0d\u00e9cembre sur la sc\u00e8ne du Z\u00e9nith d&rsquo;Amiens (Somme). Elles ont un seul r\u00eave en t\u00eate\u00a0: <strong>succ\u00e9der \u00e0 Ang\u00e9lique Angarni-Filopon<\/strong> et <strong>\u00eatre sacr\u00e9e Miss France 2026<\/strong>. Ce 6\u00a0d\u00e9cembre, le grand show a \u00e9t\u00e9 ouvert par <strong>trois anciennes Miss<\/strong>\u00a0: <a href=\"https:\/\/www.public.fr\/ce-sera-plus-simple-jean-pierre-foucault-ravi-de-ne-plus-animer-miss-france-avec-sylvie-tellier-et-cindy-fabre\" target=\"_blank\" rel=\"noopener\">Sylvie Tellier<\/a> (Miss France 2002), \u00c9lodie Gossuin (Miss France 2001) et Laury Thilleman (Miss France 2011).<\/p>\n<p>Puis, l&rsquo;ancienne pr\u00e9sidente du comit\u00e9 Miss France, et les deux animatrices ont laiss\u00e9 place aux <strong><a href=\"https:\/\/www.public.fr\/exclu-public-miss-france-un-concours-parfois-en-avance-sur-lavis-populaire\" target=\"_blank\" rel=\"noopener\">trente candidates<\/a><\/strong>. Ensemble, elles ont propos\u00e9 une sublime chor\u00e9graphie v\u00eatues de tenues dor\u00e9es avant de toutes tourner le dos \u00e0 la salle. <strong>L&rsquo;\u00e9cran g\u00e9ant face \u00e0 elle s&rsquo;est alors ouvert <\/strong>pour laisser entrer Miss France 2025. <a href=\"https:\/\/www.public.fr\/danse-avec-les-stars-angelique-angarni-filopon-fera-partie-de-laventure\" target=\"_blank\" rel=\"noopener\">L&rsquo;ancienne h\u00f4tesse de l&rsquo;air<\/a>, couronne en mains, a descendu les marches non sans difficult\u00e9. <strong>Et pour cause\u2026<\/strong><\/p>\n<p>Cette soir\u00e9e signe la fin de son aventure et donc\u2026 <strong>Miss Martinique 2025 n&rsquo;est pas parvenue \u00e0 contenir ses larmes.<\/strong> Cette derni\u00e8re<strong> <\/strong>et s&rsquo;est litt\u00e9ralement effondr\u00e9e face \u00e0 la salle comble et devant le jury <strong>pr\u00e9sid\u00e9 cette ann\u00e9e par <a href=\"https:\/\/www.public.fr\/miss-france-2026-une-presidente-du-jury-ronde-et-agee\" target=\"_blank\" rel=\"noopener\">la com\u00e9dienne Mich\u00e8le Bernier<\/a>.<\/strong> Il faut dire que, peu apr\u00e8s minuit, ce dimanche 7\u00a0d\u00e9cembre, Ang\u00e9lique Angarni-Filopon aura pass\u00e9 le relais<strong>.<\/strong><\/p>\n<p><img loading=\"lazy\" decoding=\"async\" width=\"1024\" height=\"572\" src=\"https:\/\/www.europesays.com\/fr\/wp-content\/uploads\/2025\/12\/TF1-en-direct-live-TV-TF1-12-06-2025_09_24_PM-1-1024x572.png\" alt=\"Miss France 2026 : apr\u00e8s une ann\u00e9e compliqu\u00e9e, Ang\u00e9lique-Angarni Filopon en larmes sur la sc\u00e8ne du Z\u00e9nith d'Amiens\"  \/><\/p>\n<p>Capture TF1<\/p>\n<p>Ang\u00e9lique Angarni-Filopon\u00a0: une ann\u00e9e que Miss France 2025 n&rsquo;est pas pr\u00eate d&rsquo;oublier<\/p>\n<p>Et \u00e0 juste titre\u2026 \u00c0 peine \u00e9lue, Miss Martinique a \u00e9t\u00e9 la cible d&rsquo;<strong>une violente vague de critiques<\/strong>. Son \u00e2ge, ses cheveux courts, sa couleur de peau, etc. Des critiques tr\u00e8s dures \u00e0 encaisser\u00a0; d&rsquo;autant plus lorsqu&rsquo;on est <strong>propuls\u00e9 sur le devant de la sc\u00e8ne du jour au lendemain<\/strong>. Puis, Ang\u00e9lique Angarni-Filopon a encha\u00een\u00e9 les interviews et, malheureusement, <strong>son passage sur Sud Radio<\/strong> n&rsquo;est pas pass\u00e9 inaper\u00e7u. Le 8\u00a0janvier 2025, <a href=\"https:\/\/www.google.com\/url?sa=t&amp;source=web&amp;rct=j&amp;opi=89978449&amp;url=https:\/\/vsd.fr\/90773-miss-france-2026-angelique-angarni-filopon-est-reapparue-apres-les-terribles-revelations-dun-quotidien\/&amp;ved=2ahUKEwjWyJKP7amRAxWuSaQEHT8eN4QQFnoECB4QAQ&amp;usg=AOvVaw2zbyC4g-huWsNc0qQ09QkD\" target=\"_blank\" rel=\"noopener\">la jeune femme de 35 ans<\/a> a <strong>bien eu du mal \u00e0 dire \u00ab\u00a0Je suis Charlie\u00a0\u00bb<\/strong> alors que la France rendait hommage aux victimes des attentats de Charlie Hebdo.<\/p>\n<p>Enfin, dans la foul\u00e9e, l&rsquo;ancienne h\u00f4tesse de l&rsquo;air s&rsquo;est retrouv\u00e9e <strong>seule<\/strong>. La patronne des Miss, <a href=\"https:\/\/www.public.fr\/pas-de-mail-pas-de-messages-miss-france-2026-cindy-fabre-blacklistee-au-dernier-moment\" target=\"_blank\" rel=\"noopener\">Cindy Fabre a quitt\u00e9 le navire<\/a> <strong>dans d&rsquo;\u00e9tranges circonstances<\/strong> moins de deux mois apr\u00e8s son sacre. Alors comment s&rsquo;annonce l&rsquo;ann\u00e9e 2026 pour notre reine de beaut\u00e9 qui s&rsquo;est montr\u00e9e <strong>tr\u00e8s discr\u00e8te<\/strong>\u00a0? Eh bien une nouvelle aventure l&rsquo;attend puisqu&rsquo;elle sera sur la sc\u00e8ne de la <a href=\"https:\/\/www.google.com\/url?sa=t&amp;source=web&amp;rct=j&amp;opi=89978449&amp;url=https:\/\/vsd.fr\/91626-miss-france-2025-participe-a-danse-avec-les-stars-son-big-boss-met-deja-en-garde-les-telespectateurs\/&amp;ved=2ahUKEwjWyJKP7amRAxWuSaQEHT8eN4QQFnoECBcQAQ&amp;usg=AOvVaw0SBnou7dLrpV_9Slk6W04I\" target=\"_blank\" rel=\"noopener\">quinzi\u00e8me saison de \u00ab\u00a0Danse avec les stars\u00a0\u00bb<\/a> sur TF1 au premier trimestre 2026.<\/p>\n<p>\n          Hits &amp; People en continu\n        <\/p>\n<p>\n          Public Radio\n        <\/p>\n<p>      Mentionn\u00e9s dans cet article<\/p>\n<p>      Sur le m\u00eame sujet<\/p>\n","protected":false},"excerpt":{"rendered":"R\u00e9sum\u00e9 Ce samedi 6 d\u00e9cembre, Ang\u00e9liqeu Angarni-Filopon est apparue en larmes sur la sc\u00e8ne du Z\u00e9nith d&rsquo;Amiens dans&hellip;\n","protected":false},"author":2,"featured_media":583225,"comment_status":"","ping_status":"","sticky":false,"template":"","format":"standard","meta":{"footnotes":""},"categories":[8],"tags":[43364,903,50769,58,59,1011,27,9917,3034,27041,199],"class_list":{"0":"post-583224","1":"post","2":"type-post","3":"status-publish","4":"format-standard","5":"has-post-thumbnail","7":"category-divertissement","8":"tag-angelique-angarni-filopon","9":"tag-concours","10":"tag-concours-de-beaute","11":"tag-divertissement","12":"tag-entertainment","13":"tag-fr","14":"tag-france","15":"tag-jean-pierre-foucault","16":"tag-miss-france","17":"tag-miss-martinique","18":"tag-tf1"},"share_on_mastodon":{"url":"https:\/\/pubeurope.com\/@fr\/115675607456543764","error":""},"_links":{"self":[{"href":"https:\/\/www.europesays.com\/fr\/wp-json\/wp\/v2\/posts\/583224","targetHints":{"allow":["GET"]}}],"collection":[{"href":"https:\/\/www.europesays.com\/fr\/wp-json\/wp\/v2\/posts"}],"about":[{"href":"https:\/\/www.europesays.com\/fr\/wp-json\/wp\/v2\/types\/post"}],"author":[{"embeddable":true,"href":"https:\/\/www.europesays.com\/fr\/wp-json\/wp\/v2\/users\/2"}],"replies":[{"embeddable":true,"href":"https:\/\/www.europesays.com\/fr\/wp-json\/wp\/v2\/comments?post=583224"}],"version-history":[{"count":0,"href":"https:\/\/www.europesays.com\/fr\/wp-json\/wp\/v2\/posts\/583224\/revisions"}],"wp:featuredmedia":[{"embeddable":true,"href":"https:\/\/www.europesays.com\/fr\/wp-json\/wp\/v2\/media\/583225"}],"wp:attachment":[{"href":"https:\/\/www.europesays.com\/fr\/wp-json\/wp\/v2\/media?parent=583224"}],"wp:term":[{"taxonomy":"category","embeddable":true,"href":"https:\/\/www.europesays.com\/fr\/wp-json\/wp\/v2\/categories?post=583224"},{"taxonomy":"post_tag","embeddable":true,"href":"https:\/\/www.europesays.com\/fr\/wp-json\/wp\/v2\/tags?post=583224"}],"curies":[{"name":"wp","href":"https:\/\/api.w.org\/{rel}","templated":true}]}}