{"id":583226,"date":"2025-12-07T01:07:14","date_gmt":"2025-12-07T01:07:14","guid":{"rendered":"https:\/\/www.europesays.com\/fr\/583226\/"},"modified":"2025-12-07T01:07:14","modified_gmt":"2025-12-07T01:07:14","slug":"224e-chez-cdiscount-avant-rupture","status":"publish","type":"post","link":"https:\/\/www.europesays.com\/fr\/583226\/","title":{"rendered":"-224\u20ac chez Cdiscount avant rupture !"},"content":{"rendered":"<p>Les f\u00eates de fin d\u2019ann\u00e9e r\u00e9servent de belles surprises. Le MacBook Air 13 pouces M4 est en promotion sur Cdiscount Propos\u00e9 \u00e0 874,99\u20ac au lieu de 1 099\u20ac, ce PC portable d\u2019Apple voit son prix baisser de 20% avec un code promo. Une occasion unique de s\u2019offrir un PC puissant \u00e0 petit prix.<\/p>\n<p>Promo Macbook Air M4 chez Cdiscount<\/p>\n<p>D\u00e9couvrez le code promo Cdiscount pour obtenir une remise inscroyable :<\/p>\n<p>Profitez de la promotion sur le MacBook Air 2025, disponible depuis mars. Le mod\u00e8le profite d\u2019une fiche technique solide avec 16 Go de m\u00e9moire unifi\u00e9e et 256 Go de stockage SSD. Elle existe en plusieurs couleurs : bleu ciel, argent, lumi\u00e8re stellaire et minuit.<\/p>\n<p>La puce M4, un coeur de puissance<\/p>\n<p>La puce Apple Silicon de quatri\u00e8me g\u00e9n\u00e9ration est un saut technologique. Le M4 int\u00e8gre un CPU 10 c\u0153urs (4 performance et 6 efficience). Le GPU poss\u00e8de 8 c\u0153urs pour g\u00e9rer les t\u00e2ches graphiques courantes sans probl\u00e8me.<\/p>\n<p>Les tests de Les Num\u00e9riques le prouvent : cette configuration est rapide. Les applications se lancent en un clin d\u2019\u0153il et le multit\u00e2che est impeccable. Aucun ralentissement m\u00eame avec plusieurs programmes ouverts en m\u00eame temps. La machine est silencieuse en toute circonstance gr\u00e2ce \u00e0 son refroidissement passif.<\/p>\n<p>Le moteur neuronal int\u00e9gr\u00e9 est jusqu\u2019\u00e0 2 fois plus rapide que la g\u00e9n\u00e9ration M3. Cette mise \u00e0 niveau profite directement aux capacit\u00e9s d\u2019Apple Intelligence, l\u2019intelligence personnelle d\u2019Apple.<\/p>\n<p>Un \u00e9cran Liquid Retina de qualit\u00e9<\/p>\n<p>L\u2019\u00e9cran est l\u2019un des points forts de ce MacBook Air. La dalle de 13,6 pouces offre une d\u00e9finition native de 2560 x 1664 pixels, soit 224 pixels par pouce. La technologie True Tone adapte automatiquement la temp\u00e9rature des couleurs \u00e0 l\u2019\u00e9clairage ambiant.<\/p>\n<p>L\u2019\u00e9cran est compatible avec un milliard de couleurs et couvre l\u2019espace colorim\u00e9trique P3. La luminosit\u00e9 maximale est de 500 nits, assez pour travailler confortablement dans la plupart des environnements. Cette qualit\u00e9 d\u2019\u00e9cran est id\u00e9ale pour les cr\u00e9atifs qui travaillent avec des photos et des vid\u00e9os.<\/p>\n<p>Une autonomie exceptionnelle pour la mobilit\u00e9<\/p>\n<p>L\u2019efficience \u00e9nerg\u00e9tique de la puce M4 se traduit par une autonomie incroyable. La batterie lithium-polym\u00e8re de 53,8 Wh promet jusqu\u2019\u00e0 18 heures de lecture vid\u00e9o continue selon Apple. La navigation web sans fil peut durer jusqu\u2019\u00e0 15 heures<\/p>\n<p>Ces autonomies permettent de travailler une journ\u00e9e enti\u00e8re sans chercher de prise. L\u2019adaptateur secteur USB-C 30W est fourni avec la version de base. Le c\u00e2ble MagSafe 3 garantit une recharge s\u00e9curis\u00e9e gr\u00e2ce \u00e0 sa fixation magn\u00e9tique qui se d\u00e9tache en cas de traction accidentelle.<\/p>\n<p>Connectivit\u00e9 moderne et polyvalente<\/p>\n<p>Le MacBook Air M4 int\u00e8gre deux ports Thunderbolt 4 (jusqu\u2019\u00e0 40 Gbit\/s). Cette interface permet aussi la sortie vid\u00e9o DisplayPort 4K native. Une nouveaut\u00e9 par rapport au M3 : la possibilit\u00e9 de brancher deux \u00e9crans externes en gardant le portable ouvert.<\/p>\n<p>La prise casque 3,5 mm supporte les casques haute imp\u00e9dance. Le Wi-Fi 6E assure des d\u00e9bits rapides sur les r\u00e9seaux compatibles La connectivit\u00e9 Bluetooth 5.3 assure la connexion avec les accessoires sans fil.<\/p>\n<p>Design minimaliste et conception durable<\/p>\n<p>L\u2019appareil reprend le design \u00e9l\u00e9gant de la gamme Air. Son \u00e9paisseur de 1,13 cm et son poids de 1,24 kg en font un compagnon de voyage parfait. Le bo\u00eetier en aluminium 100% recycl\u00e9 refl\u00e8te l\u2019engagement environnemental d\u2019Apple.<\/p>\n<p>La firme \u00e0 la pomme a diminu\u00e9 de plus de 45% les \u00e9missions de carbone par rapport \u00e0 une fabrication classique. L&#8217;emballage est compos\u00e9 uniquement de fibres recycl\u00e9es. Aucun site d\u2019assemblage final ne produit de d\u00e9chets mis en d\u00e9charge.<\/p>\n<p>Des fonctionnalit\u00e9s utiles au quotidien<\/p>\n<p>Le clavier r\u00e9tro\u00e9clair\u00e9 comprend le capteur Touch ID pour l\u2019authentification biom\u00e9trique Le trackpad Force Touch permet un contr\u00f4le pr\u00e9cis gr\u00e2ce \u00e0 sa d\u00e9tection de pression. Le syst\u00e8me audio \u00e0 quatre haut-parleurs offre un son spatial Dolby Atmos.<\/p>\n<p>La webcam Center Stage 12MP vous suit automatiquement lors des appels vid\u00e9o. Les trois microphones \u00e0 beamforming directionnel assurent une prise de voix nette. Le mode Isolement de la voix supprime les bruits de fond pendant les appels<\/p>\n<p>Cette offre est-elle int\u00e9ressante ?<\/p>\n<p>\u00c0 874,99\u20ac, le MacBook Air M4 devient int\u00e9ressant. Le prix de lancement \u00e9tait de 1 099\u20ac pour cette configuration. L\u2019\u00e9conomie de 224\u20ac est une d\u00e9cote importante pour un produit Apple r\u00e9cent. La machine n\u2019a pas de concurrence sur le march\u00e9 des ultraportables Windows \u00e0 ce prix.<\/p>\n<p>Les propri\u00e9taires d\u2019un vieux MacBook auront une bonne raison de passer \u00e0 la caisse. La diff\u00e9rence de performance se fera sentir imm\u00e9diatement. Pour ceux qui poss\u00e8dent un M2, le gap g\u00e9n\u00e9rationnel est moins flagrant. Les performances d\u00e9j\u00e0 excellentes de la puce M2 sont largement suffisantes pour un usage bureautique classique.<br \/>Configuration et alternatives<\/p>\n<p>La version 256 Go sera suffisante pour les utilisateurs qui stockent leurs fichiers dans le cloud. Ceux qui manipulent de gros fichiers locaux opteront pour la configuration 512 Go. Cdiscount propose aussi cette version \u00e0 1 143,99\u20ac au lieu de 1 349\u20ac.<\/p>\n<p>L\u2019option 24 Go de RAM est destin\u00e9e aux professionnels qui utilisent des applications gourmandes en m\u00e9moire. Le prix passe alors \u00e0 1 393,99\u20ac. Chaque configuration est disponible dans les quatre coloris, pour adapter l\u2019appareil \u00e0 son go\u00fbt.<\/p>\n","protected":false},"excerpt":{"rendered":"Les f\u00eates de fin d\u2019ann\u00e9e r\u00e9servent de belles surprises. Le MacBook Air 13 pouces M4 est en promotion&hellip;\n","protected":false},"author":2,"featured_media":583227,"comment_status":"","ping_status":"","sticky":false,"template":"","format":"standard","meta":{"footnotes":""},"categories":[7],"tags":[1011,27,43,40,41,39,42,44],"class_list":{"0":"post-583226","1":"post","2":"type-post","3":"status-publish","4":"format-standard","5":"has-post-thumbnail","7":"category-sciences-et-technologies","8":"tag-fr","9":"tag-france","10":"tag-science","11":"tag-science-and-technology","12":"tag-sciences","13":"tag-sciences-et-technologies","14":"tag-technologies","15":"tag-technology"},"share_on_mastodon":{"url":"https:\/\/pubeurope.com\/@fr\/115675610809700198","error":""},"_links":{"self":[{"href":"https:\/\/www.europesays.com\/fr\/wp-json\/wp\/v2\/posts\/583226","targetHints":{"allow":["GET"]}}],"collection":[{"href":"https:\/\/www.europesays.com\/fr\/wp-json\/wp\/v2\/posts"}],"about":[{"href":"https:\/\/www.europesays.com\/fr\/wp-json\/wp\/v2\/types\/post"}],"author":[{"embeddable":true,"href":"https:\/\/www.europesays.com\/fr\/wp-json\/wp\/v2\/users\/2"}],"replies":[{"embeddable":true,"href":"https:\/\/www.europesays.com\/fr\/wp-json\/wp\/v2\/comments?post=583226"}],"version-history":[{"count":0,"href":"https:\/\/www.europesays.com\/fr\/wp-json\/wp\/v2\/posts\/583226\/revisions"}],"wp:featuredmedia":[{"embeddable":true,"href":"https:\/\/www.europesays.com\/fr\/wp-json\/wp\/v2\/media\/583227"}],"wp:attachment":[{"href":"https:\/\/www.europesays.com\/fr\/wp-json\/wp\/v2\/media?parent=583226"}],"wp:term":[{"taxonomy":"category","embeddable":true,"href":"https:\/\/www.europesays.com\/fr\/wp-json\/wp\/v2\/categories?post=583226"},{"taxonomy":"post_tag","embeddable":true,"href":"https:\/\/www.europesays.com\/fr\/wp-json\/wp\/v2\/tags?post=583226"}],"curies":[{"name":"wp","href":"https:\/\/api.w.org\/{rel}","templated":true}]}}