{"id":583230,"date":"2025-12-07T01:09:13","date_gmt":"2025-12-07T01:09:13","guid":{"rendered":"https:\/\/www.europesays.com\/fr\/583230\/"},"modified":"2025-12-07T01:09:13","modified_gmt":"2025-12-07T01:09:13","slug":"bresil-un-pere-de-famille-de-55-ans-meurt-tragiquement-ecrase-sous-une-barre-dhaltere","status":"publish","type":"post","link":"https:\/\/www.europesays.com\/fr\/583230\/","title":{"rendered":"Br\u00e9sil : un p\u00e8re de famille de 55 ans meurt tragiquement \u00e9cras\u00e9 sous une barre d&rsquo;halt\u00e8re"},"content":{"rendered":"<p class=\"mb-4 text-lg md:leading-8 break-words\">Et d\u2019un coup, il s\u2019est lev\u00e9 avant de s\u2019effondrer au sol. <a data-i13n=\"cpos:1;pos:1\" href=\"https:\/\/www.parismatch.com\/actu\/faits-divers\/il-revait-de-devenir-dompteur-au-bresil-un-jeune-homme-de-19-ans-tue-par-une-lionne-dans-un-zoo-260956\" rel=\"nofollow noopener\" target=\"_blank\" data-ylk=\"slk:Au Br\u00e9sil;cpos:1;pos:1;elm:context_link;itc:0;sec:content-canvas\" class=\"link \">Au Br\u00e9sil<\/a>, un homme de 55 ans est mort ce lundi 1er d\u00e9cembre apr\u00e8s avoir \u00e9t\u00e9 \u00e9cras\u00e9 sous une barre d\u2019halt\u00e8res alors qu\u2019il effectuait un d\u00e9velopp\u00e9 couch\u00e9 sur un banc, rapportent nos confr\u00e8res du <a data-i13n=\"cpos:2;pos:1\" href=\"https:\/\/www.the-sun.com\/news\/15586848\/dad-of-two-weightlifter-killed-in-gym-horror\/\" rel=\"nofollow noopener\" target=\"_blank\" data-ylk=\"slk:Sun;cpos:2;pos:1;elm:context_link;itc:0;sec:content-canvas\" class=\"link \">Sun<\/a>.<\/p>\n<p class=\"mb-4 text-lg md:leading-8 break-words\">La sc\u00e8ne a \u00e9t\u00e9 film\u00e9e par les cam\u00e9ras de vid\u00e9osurveillance de la salle de sport situ\u00e9e \u00e0 Olinda, sur la c\u00f4te nord-est du Br\u00e9sil. Sur les images publi\u00e9es sur les r\u00e9seaux sociaux, on voit la barre lui glisser des mains de Ronald Montenegro avant qu\u2019elle ne s\u2019\u00e9crase sur son buste.<\/p>\n<p>L\u2019homme d\u00e9crit comme une \u00ab figure \u00bb par le mus\u00e9e<\/p>\n<p class=\"mb-4 text-lg md:leading-8 break-words\">Rapidement alert\u00e9es, les autres personnes pr\u00e9sentes dans la salle de sport se sont rapidement pr\u00e9cipit\u00e9es au secours de l\u2019homme pour le d\u00e9gager de la barre.<\/p>\n<p class=\"mb-4 text-lg md:leading-8 break-words\">Transport\u00e9 d\u2019urgence \u00e0 l\u2019h\u00f4pital, le directeur de mus\u00e9e et p\u00e8re de deux enfants, a \u00e9t\u00e9 d\u00e9clar\u00e9 mort par les m\u00e9decins qui ont tent\u00e9 de lui sauver la vie. \u00ab C\u2019est avec une profonde tristesse que nous annon\u00e7ons le d\u00e9c\u00e8s de Ronald Montenegro, notre pr\u00e9sident et une figure indispensable dans l\u2019histoire et la construction du Palacio dos Bonecos \u00bb, indique le communiqu\u00e9.<\/p>\n<p class=\"mb-4 text-lg md:leading-8 break-words\">La salle de sport, RW Academia, a \u00e9galement publi\u00e9 un hommage sur ses r\u00e9seaux sociaux. \u00ab Nous pr\u00e9sentons nos sinc\u00e8res condol\u00e9ances \u00e0 sa famille et \u00e0 ses amis, et leur souhaitons force et r\u00e9confort en ces moments de profonde tristesse. Ronald Jos\u00e9 Salvador restera \u00e0 jamais dans le c\u0153ur de tous ceux qui ont crois\u00e9 son chemin au sein de notre communaut\u00e9, avec respect et affection \u00bb, a-t-el&#8230;<\/p>\n<p class=\"mb-4 text-lg md:leading-8 break-words\"><a data-i13n=\"cpos:3;pos:1\" href=\"https:\/\/www.parismatch.com\/actu\/faits-divers\/bresil-un-pere-de-famille-de-55-ans-meurt-tragiquement-ecrase-sous-une-barre-dhaltere-261226?at_medium=affiliate&amp;at_campaign=Yahoo\" rel=\"nofollow noopener\" target=\"_blank\" data-ylk=\"slk:Lire la suite sur ParisMatch;cpos:3;pos:1;elm:context_link;itc:0;sec:content-canvas\" class=\"link \">Lire la suite sur ParisMatch<\/a><\/p>\n","protected":false},"excerpt":{"rendered":"Et d\u2019un coup, il s\u2019est lev\u00e9 avant de s\u2019effondrer au sol. Au Br\u00e9sil, un homme de 55 ans&hellip;\n","protected":false},"author":2,"featured_media":583231,"comment_status":"","ping_status":"","sticky":false,"template":"","format":"standard","meta":{"footnotes":""},"categories":[5],"tags":[11,2548,1011,27,14,22266,12,69669,28],"class_list":{"0":"post-583230","1":"post","2":"type-post","3":"status-publish","4":"format-standard","5":"has-post-thumbnail","7":"category-international","8":"tag-actualites","9":"tag-bresil","10":"tag-fr","11":"tag-france","12":"tag-international","13":"tag-la-barre","14":"tag-news","15":"tag-ronald-montenegro","16":"tag-world"},"share_on_mastodon":{"url":"https:\/\/pubeurope.com\/@fr\/115675618620457815","error":""},"_links":{"self":[{"href":"https:\/\/www.europesays.com\/fr\/wp-json\/wp\/v2\/posts\/583230","targetHints":{"allow":["GET"]}}],"collection":[{"href":"https:\/\/www.europesays.com\/fr\/wp-json\/wp\/v2\/posts"}],"about":[{"href":"https:\/\/www.europesays.com\/fr\/wp-json\/wp\/v2\/types\/post"}],"author":[{"embeddable":true,"href":"https:\/\/www.europesays.com\/fr\/wp-json\/wp\/v2\/users\/2"}],"replies":[{"embeddable":true,"href":"https:\/\/www.europesays.com\/fr\/wp-json\/wp\/v2\/comments?post=583230"}],"version-history":[{"count":0,"href":"https:\/\/www.europesays.com\/fr\/wp-json\/wp\/v2\/posts\/583230\/revisions"}],"wp:featuredmedia":[{"embeddable":true,"href":"https:\/\/www.europesays.com\/fr\/wp-json\/wp\/v2\/media\/583231"}],"wp:attachment":[{"href":"https:\/\/www.europesays.com\/fr\/wp-json\/wp\/v2\/media?parent=583230"}],"wp:term":[{"taxonomy":"category","embeddable":true,"href":"https:\/\/www.europesays.com\/fr\/wp-json\/wp\/v2\/categories?post=583230"},{"taxonomy":"post_tag","embeddable":true,"href":"https:\/\/www.europesays.com\/fr\/wp-json\/wp\/v2\/tags?post=583230"}],"curies":[{"name":"wp","href":"https:\/\/api.w.org\/{rel}","templated":true}]}}