{"id":583236,"date":"2025-12-07T01:13:11","date_gmt":"2025-12-07T01:13:11","guid":{"rendered":"https:\/\/www.europesays.com\/fr\/583236\/"},"modified":"2025-12-07T01:13:11","modified_gmt":"2025-12-07T01:13:11","slug":"loire-la-neige-est-tombee-en-grande-quantite-sur-ces-secteurs-dautres-chutes-attendues","status":"publish","type":"post","link":"https:\/\/www.europesays.com\/fr\/583236\/","title":{"rendered":"Loire. La neige est tomb\u00e9e en grande quantit\u00e9 sur ces secteurs, d&rsquo;autres chutes attendues"},"content":{"rendered":"<p>                    Par<br \/>\n        <strong><br \/>\n            <a href=\"https:\/\/actu.fr\/auteur\/julien-sournies\" title=\"Consulter tous les articles de Julien Sournies\" target=\"_blank\" rel=\"noopener\">Julien Sournies<\/a><br \/>\n                    <\/strong><\/p>\n<p>        Publi\u00e9 le<\/p>\n<p>            3 d\u00e9c. 2025 \u00e0 11h15        <\/p>\n<p>Les sp\u00e9cialistes m\u00e9t\u00e9o les avaient annonc\u00e9s\u2009: des <strong>chutes de neige<\/strong> ont bel et bien eu lieu sur plusieurs massifs du d\u00e9partement de la <a href=\"https:\/\/actu.fr\/auvergne-rhone-alpes\/loire_42\" target=\"_blank\" rel=\"noopener\">Loire<\/a> dans la nuit de samedi\u00a02 \u00e0 mercredi 3\u00a0d\u00e9cembre 2025.<\/p>\n<p class=\" wall-content\">Selon M\u00e9t\u00e9o Loire, en cette matin\u00e9e de mercredi, la \u00ab\u2009limite pluie\/neige se situe vers 1000 m, mais sous de grosses averses (isothermie), celle-ci s\u2019abaisse vers 700\/800\u00a0m. La neige tient au sol au-dessus de 1000 m avec une dizaine de cm au-dessus de 1200 m\u2009\u00bb.<\/p>\n<p>De la neige sur plusieurs massifs lig\u00e9riens<\/p>\n<p class=\" wall-content\">Comme le montrent les images des webcams, les flocons sont tomb\u00e9s en grande quantit\u00e9 sur la station du col de la Loge. Idem du c\u00f4t\u00e9 du col de la Croix de Chaubouret.<\/p>\n<p><a class=\"jo-module-caroussel__img-container\" href=\"https:\/\/static.actu.fr\/uploads\/2025\/12\/capture-decran-2025-12-03-101757.png\" title=\"Agrandir la photo Une dizaine de centim\u00e8tres de neige est tomb\u00e9e sur le col de la Loge ce mercredi matin. (\u00a9 Webcam col de la Loge)\" data-idx=\"1\" target=\"_blank\" rel=\"noopener\"><br \/>\n    <img decoding=\"async\" class=\"jo-module-caroussel__img\" loading=\"lazy\" src=\"https:\/\/www.europesays.com\/fr\/wp-content\/uploads\/2025\/12\/capture-decran-2025-12-03-101757-640x427.png\" alt=\"Une dizaine de centim\u00e8tres de neige est tomb\u00e9e sur le col de la Loge ce mercredi matin. (\u00a9 Webcam col de la Loge)\" width=\"640\" height=\"427\"\/><\/a><a class=\"jo-module-caroussel__img-container\" href=\"https:\/\/static.actu.fr\/uploads\/2025\/12\/chaubouret.png\" title=\"Agrandir la photo Une dizaine de centim\u00e8tres de neige est tomb\u00e9e sur le col de la Loge ce mercredi matin. (\u00a9 Webcam Croix de Chaubouret)\" data-idx=\"2\" target=\"_blank\" rel=\"noopener\"><br \/>\n    <img decoding=\"async\" class=\"jo-module-caroussel__img\" loading=\"lazy\" src=\"https:\/\/www.europesays.com\/fr\/wp-content\/uploads\/2025\/12\/chaubouret-640x427.png\" alt=\"Une dizaine de centim\u00e8tres de neige est tomb\u00e9e sur le col de la Loge ce mercredi matin. (\u00a9 Webcam Croix de Chaubouret)\" width=\"640\" height=\"427\"\/><\/a><\/p>\n<p class=\" wall-content\">Sur le col de la R\u00e9publique, pr\u00e8s de <a href=\"https:\/\/actu.fr\/saint-etienne\/\" target=\"_blank\" rel=\"noopener\">Saint-Etienne<\/a>, quelques internautes ont par ailleurs partag\u00e9 des clich\u00e9s des routes enneig\u00e9es. \u00ab\u2009Les routes sont d\u00e9licates sur les Monts du Forez et Pilat au-dessus de 1000 m soyez prudent\u2009\u00bb, avertit M\u00e9t\u00e9o Loire.<\/p>\n<p>D\u2019autres petites chutes de neige ce mercredi<\/p>\n<p class=\" wall-content\">Pour rappel, le d\u00e9partement lig\u00e9rien est toujours sous le coup d\u2019une vigilance jaune neige-verglas jusqu\u2019\u00e0 midi ce mercredi. <strong>D\u2019autres chutes de neige<\/strong> sont par ailleurs \u00e0 pr\u00e9voir au cours de la journ\u00e9e.<\/p>\n<p class=\" wall-content\">Toujours d\u2019apr\u00e8s M\u00e9t\u00e9o Loire, il va continuer de neiger faiblement aux environs de 1\u2009000\u00a0m d\u2019altitude. Au total, les cumuls de pr\u00e9cipitations de pluie et neige seront compris entre<strong> 10 et 25\u00a0mm<\/strong>.<\/p>\n<p class=\" wall-content\">Personnalisez votre actualit\u00e9 en ajoutant vos villes et m\u00e9dias en favori avec <a href=\"https:\/\/moncompte.actu.fr\" title=\"D\u00e9couvez Mon Actu\" rel=\"nofollow noopener\" data-trk=\"{&quot;cta&quot;:{&quot;action&quot;:&quot;https:\\\/\\\/moncompte.actu.fr&quot;,&quot;category&quot;:&quot;mon compte&quot;,&quot;from&quot;:&quot;article footer&quot;,&quot;name&quot;:&quot;Mon actu&quot;,&quot;type&quot;:&quot;cta&quot;}}\" target=\"_blank\">Mon Actu<\/a>.<\/p>\n","protected":false},"excerpt":{"rendered":"Par Julien Sournies Publi\u00e9 le 3 d\u00e9c. 2025 \u00e0 11h15 Les sp\u00e9cialistes m\u00e9t\u00e9o les avaient annonc\u00e9s\u2009: des chutes&hellip;\n","protected":false},"author":2,"featured_media":583237,"comment_status":"","ping_status":"","sticky":false,"template":"","format":"standard","meta":{"footnotes":""},"categories":[9653],"tags":[1111,11,2430,1777,674,1011,27,2487,2357,10584,12,25,4001],"class_list":{"0":"post-583236","1":"post","2":"type-post","3":"status-publish","4":"format-standard","5":"has-post-thumbnail","7":"category-saint-etienne","8":"tag-actu","9":"tag-actualites","10":"tag-auvergne-rhone-alpes","11":"tag-eu","12":"tag-europe","13":"tag-fr","14":"tag-france","15":"tag-meteo","16":"tag-meteo-france","17":"tag-neige","18":"tag-news","19":"tag-republique-francaise","20":"tag-saint-etienne"},"share_on_mastodon":{"url":"","error":""},"_links":{"self":[{"href":"https:\/\/www.europesays.com\/fr\/wp-json\/wp\/v2\/posts\/583236","targetHints":{"allow":["GET"]}}],"collection":[{"href":"https:\/\/www.europesays.com\/fr\/wp-json\/wp\/v2\/posts"}],"about":[{"href":"https:\/\/www.europesays.com\/fr\/wp-json\/wp\/v2\/types\/post"}],"author":[{"embeddable":true,"href":"https:\/\/www.europesays.com\/fr\/wp-json\/wp\/v2\/users\/2"}],"replies":[{"embeddable":true,"href":"https:\/\/www.europesays.com\/fr\/wp-json\/wp\/v2\/comments?post=583236"}],"version-history":[{"count":0,"href":"https:\/\/www.europesays.com\/fr\/wp-json\/wp\/v2\/posts\/583236\/revisions"}],"wp:featuredmedia":[{"embeddable":true,"href":"https:\/\/www.europesays.com\/fr\/wp-json\/wp\/v2\/media\/583237"}],"wp:attachment":[{"href":"https:\/\/www.europesays.com\/fr\/wp-json\/wp\/v2\/media?parent=583236"}],"wp:term":[{"taxonomy":"category","embeddable":true,"href":"https:\/\/www.europesays.com\/fr\/wp-json\/wp\/v2\/categories?post=583236"},{"taxonomy":"post_tag","embeddable":true,"href":"https:\/\/www.europesays.com\/fr\/wp-json\/wp\/v2\/tags?post=583236"}],"curies":[{"name":"wp","href":"https:\/\/api.w.org\/{rel}","templated":true}]}}