{"id":583238,"date":"2025-12-07T01:14:18","date_gmt":"2025-12-07T01:14:18","guid":{"rendered":"https:\/\/www.europesays.com\/fr\/583238\/"},"modified":"2025-12-07T01:14:18","modified_gmt":"2025-12-07T01:14:18","slug":"u19-nationaux-le-rove-arrache-un-point-contre-saint-etienne-au-bout-du-temps-additionnel","status":"publish","type":"post","link":"https:\/\/www.europesays.com\/fr\/583238\/","title":{"rendered":"U19 Nationaux : Le Rove arrache un point contre Saint-\u00c9tienne au bout du temps additionnel"},"content":{"rendered":"<p>Apr\u00e8s une premi\u00e8re p\u00e9riode compliqu\u00e9e, <a href=\"https:\/\/www.laprovence.com\/article\/sports\/64427275918774\/football-u19-national-le-rove-le-petit-village-gaulois-de-la-formation\" target=\"_blank\" rel=\"noopener\">les Rovenains se sont battus<\/a> jusqu\u2019au bout pour d\u00e9crocher <a href=\"https:\/\/www.laprovence.com\/article\/sports\/12473302825618\/football-u19-national-le-rove-arrache-un-point-au-leader-mais-navance-guere\" target=\"_blank\" rel=\"noopener\">leur huiti\u00e8me match nul de la saison <\/a>(1-1) hier soir. \u00ab\u00a0On a \u00e9t\u00e9 en dessous en premi\u00e8re mi-temps. \u00catre men\u00e9s seulement 0-1 \u00e0 la pause, c\u2019est peut-\u00eatre notre chance\u00a0\u00bb, a reconnu l\u2019entra\u00eeneur du Rove David Gallego. Il faut dire que les Proven\u00e7aux ont subi le jeu st\u00e9phanois dans une premi\u00e8re p\u00e9riode brouillonne.<\/p>\n<p>Entre manque d\u2019intentions et de justesse technique, ils n\u2019ont pas emp\u00each\u00e9 l\u2019ASSE d\u2019ouvrir le score (1-0, 21). Une r\u00e9alisation qui n\u2019a pas abattu les Rovenains, montrant un tout autre visage lors du deuxi\u00e8me acte. Plus de courses, plus de volume, plus de pr\u00e9sence dans les zones dangereuses. L\u2019ASSE ne vit plus que sur des contres et manque m\u00eame le break (79). Le Rove insiste, pousse, s\u2019installe dans le camp adverse.<\/p>\n<p>Des efforts r\u00e9compens\u00e9s<\/p>\n<p>Les situations s\u2019encha\u00eenent\u00a0: frappe de Boughanmi (70), corners dangereux ou perc\u00e9e d\u2019Ihsani. Mais toutes sont stopp\u00e9es par le gardien st\u00e9phanois, maintenant le maigre \u00e9cart au score. Cependant, les efforts payent et finissent par \u00eatre r\u00e9compens\u00e9s\u00a0: lanc\u00e9 dans la profondeur, Boughanmi profite d\u2019une erreur d\u00e9fensive pour ajuster sa frappe et \u00e9galiser \u00e0 la fin du temps r\u00e9glementaire (1-0, 90).\u00a0\u00ab\u00a0Il nous a manqu\u00e9 un peu de temps apr\u00e8s l\u2019\u00e9galisation pour aller chercher mieux\u00a0\u00bb, glisse Gallego, partag\u00e9 entre frustration et satisfaction.<\/p>\n<p>Le Rove 1 Saint-\u00c9tienne 1<\/p>\n<p>Stade municipal. Mi-temps\u00a0: 0-1. Buts &#8211; Le Rove\u00a0: Boughanmi (90). Saint-\u00c9tienne\u00a0: Yrvas (21). Avertissements &#8211; Le Rove\u00a0: Perret (68), Gallego (75), Konte (68), Tatuszka (90).<\/p>\n","protected":false},"excerpt":{"rendered":"Apr\u00e8s une premi\u00e8re p\u00e9riode compliqu\u00e9e, les Rovenains se sont battus jusqu\u2019au bout pour d\u00e9crocher leur huiti\u00e8me match nul&hellip;\n","protected":false},"author":2,"featured_media":583239,"comment_status":"","ping_status":"","sticky":false,"template":"","format":"standard","meta":{"footnotes":""},"categories":[9653],"tags":[17,1111,11,34889,2430,1444,1777,674,63,1011,27,8533,12,3948,25,69670,4001,60,3251],"class_list":{"0":"post-583238","1":"post","2":"type-post","3":"status-publish","4":"format-standard","5":"has-post-thumbnail","7":"category-saint-etienne","8":"tag-17","9":"tag-actu","10":"tag-actualites","11":"tag-arrache","12":"tag-auvergne-rhone-alpes","13":"tag-contre","14":"tag-eu","15":"tag-europe","16":"tag-football","17":"tag-fr","18":"tag-france","19":"tag-nationaux","20":"tag-news","21":"tag-point","22":"tag-republique-francaise","23":"tag-rove","24":"tag-saint-etienne","25":"tag-sports","26":"tag-u19"},"share_on_mastodon":{"url":"https:\/\/pubeurope.com\/@fr\/115675638192129968","error":""},"_links":{"self":[{"href":"https:\/\/www.europesays.com\/fr\/wp-json\/wp\/v2\/posts\/583238","targetHints":{"allow":["GET"]}}],"collection":[{"href":"https:\/\/www.europesays.com\/fr\/wp-json\/wp\/v2\/posts"}],"about":[{"href":"https:\/\/www.europesays.com\/fr\/wp-json\/wp\/v2\/types\/post"}],"author":[{"embeddable":true,"href":"https:\/\/www.europesays.com\/fr\/wp-json\/wp\/v2\/users\/2"}],"replies":[{"embeddable":true,"href":"https:\/\/www.europesays.com\/fr\/wp-json\/wp\/v2\/comments?post=583238"}],"version-history":[{"count":0,"href":"https:\/\/www.europesays.com\/fr\/wp-json\/wp\/v2\/posts\/583238\/revisions"}],"wp:featuredmedia":[{"embeddable":true,"href":"https:\/\/www.europesays.com\/fr\/wp-json\/wp\/v2\/media\/583239"}],"wp:attachment":[{"href":"https:\/\/www.europesays.com\/fr\/wp-json\/wp\/v2\/media?parent=583238"}],"wp:term":[{"taxonomy":"category","embeddable":true,"href":"https:\/\/www.europesays.com\/fr\/wp-json\/wp\/v2\/categories?post=583238"},{"taxonomy":"post_tag","embeddable":true,"href":"https:\/\/www.europesays.com\/fr\/wp-json\/wp\/v2\/tags?post=583238"}],"curies":[{"name":"wp","href":"https:\/\/api.w.org\/{rel}","templated":true}]}}