{"id":583242,"date":"2025-12-07T01:18:27","date_gmt":"2025-12-07T01:18:27","guid":{"rendered":"https:\/\/www.europesays.com\/fr\/583242\/"},"modified":"2025-12-07T01:18:27","modified_gmt":"2025-12-07T01:18:27","slug":"nancy-le-nouveau-char-de-saint-nicolas-prend-la-forme-dune-vague","status":"publish","type":"post","link":"https:\/\/www.europesays.com\/fr\/583242\/","title":{"rendered":"Nancy. Le nouveau char de saint Nicolas prend la forme d\u2019une vague"},"content":{"rendered":"<p>Attendu, et plut\u00f4t deux fois qu\u2019une, le char de saint Nicolas\u00a0! Et pour cause\u00a0: celui qui ferme le d\u00e9fil\u00e9 compos\u00e9 de 44 \u00e9l\u00e9ments (chars, fanfares et compagnies de rue comprises), star du jour, tr\u00f4ne sur un v\u00e9hicule flambant neuf, directement sorti des ateliers municipaux cette ann\u00e9e.<\/p>\n<p>L\u2019an dernier, c\u2019est le char du boucher qui avait b\u00e9n\u00e9fici\u00e9 du talent des dix \u00ab\u00a0lutins\u00a0\u00bb du service D\u00e9cors au centre technique municipal. Cette ann\u00e9e, et m\u00eame d\u00e8s janvier\u00a02025, ces m\u00eames fabricants de r\u00eave se sont consacr\u00e9s \u00e0 la vague porteuse qui m\u00e8nera le saint jusqu\u2019\u00e0 bon port.<\/p>\n<p>Car oui, <a href=\"https:\/\/www.estrepublicain.fr\/culture-loisirs\/2025\/11\/28\/le-nouveau-char-de-saint-nicolas-est-tenu-au-secret\" target=\"_blank\" rel=\"noopener\">ce myst\u00e8re soigneusement entretenu jusqu\u2019\u00e0 la derni\u00e8re heure,<\/a> c\u2019est une vague blanche. \u00ab\u00a0Enfin, en r\u00e9alit\u00e9, chacun pourra y voir ce qu\u2019il veut, corrige Tifanie Putz, chef du service. On a pr\u00e9cis\u00e9ment cultiv\u00e9 le c\u00f4t\u00e9 onirique pour que les imaginations fassent ce que bon leur semble.\u00a0\u00bb<\/p>\n<p>  De mille feux<\/p>\n<p>On ne peut toutefois s\u2019emp\u00eacher de penser \u00e0 Hokusai, dont le chef-d\u2019\u0153uvre, lui aussi, ourlait l\u2019\u00e9cume d\u2019une vague haut perch\u00e9e. Certains cependant y voient un nuage, les \u00ab\u00a0nues\u00a0\u00bb c\u00e9lestes depuis lesquelles l\u2019homme-l\u00e9gende descend saluer les enfants en ce jour de f\u00eate. \u00ab\u00a0Et on pourrait m\u00eame y voir la barbe blanche de saint Nicolas\u00a0!\u00a0\u00bb Dont les volutes viendraient chatouiller les esprits des spectateurs amass\u00e9s sur les c\u00f4t\u00e9s.<\/p>\n<p>On a, quoi qu\u2019il en soit, pris l\u2019exact contre-pied du char pr\u00e9c\u00e9dent dont les lignes g\u00e9om\u00e9triques sugg\u00e9raient une certaine s\u00e9v\u00e9rit\u00e9.<\/p>\n<p>Ce nouveau \u00ab\u00a0carrosse\u00a0\u00bb est l\u2019aboutissement de milliers d\u2019heures de travail fournies par constructeurs et d\u00e9corateurs, pour que se mat\u00e9rialise la belle id\u00e9e. \u00ab\u00a0Cela implique aussi une part d\u2019improvisation, reconna\u00eet Claire. On doit sans cesse s\u2019ajuster \u00e0 la r\u00e9alit\u00e9. Et comme toute la structure est r\u00e9tro\u00e9clair\u00e9e, on doit en plus faire en sorte que m\u00eame l\u2019int\u00e9rieur soit joli \u00e0 regarder\u00a0!\u00a0\u00bb<\/p>\n<p>Sans oublier d\u2019y int\u00e9grer le cockpit pour le chauffeur, dont l\u2019esth\u00e9tique ne d\u00e9pare en rien avec l\u2019ensemble. \u00ab\u00a0Pour \u00e9viter des r\u00e9troviseurs pas tr\u00e8s heureux \u00e0 l\u2019\u0153il, on l\u2019a m\u00eame \u00e9quip\u00e9 de cam\u00e9ras de recul\u00a0\u00bb, signale Tifanie. \u00c0 quoi s\u2019ajoute une trappe pour acc\u00e9der ais\u00e9ment au moteur en cas de souci, sans oublier quelques cases pour y loger ses stocks de bonbons \u00e0 distribuer.<\/p>\n<p>  Tulle, bonbons et g\u00e2teaux<\/p>\n<p>Le tout se doit d\u2019\u00eatre assez solide pour accueillir un saint, trois marmots ressuscit\u00e9s, et \u00e9ventuellement un photographe escamot\u00e9 dans la vague. Sur une base m\u00e9tallique, il a d\u2019abord fallu modeler le grillage \u00e0 poule associ\u00e9 \u00e0 du papier \u00e0 bulle\u00a0: du tissu r\u00e9sine recouvre le tout d\u2019un ton cr\u00e8me brillant sur lequel s\u2019agencent le tulle et ses effets vaporeux. Des nappes de LED ont ensuite \u00e9t\u00e9 tiss\u00e9es \u00e0 la surface de chacun des reliefs, compl\u00e9tant les r\u00e9verb\u00e8res plant\u00e9s \u00e7\u00e0 et l\u00e0. Et le fameux r\u00e9tro\u00e9clairage\u00a0!<\/p>\n<p>En outre, partout sont sem\u00e9s des petits pompons de tulle, faits main, ainsi que de (faux) biscuits et bonbons arborant, tout autant que la structure g\u00e9n\u00e9rale, un ton cr\u00e8me aux mille \u00e9clats. \u00ab\u00a0Un ton un peu neutre, en effet, pour que dans tout cet ensemble, ne s\u2019en d\u00e9tache qu\u2019un\u00a0: saint Nicolas dans son habit rouge \u00e9carlate\u00a0!\u00a0\u00bb Un rep\u00e8re. Un phare pris dans la vague\u00a0!<\/p>\n","protected":false},"excerpt":{"rendered":"Attendu, et plut\u00f4t deux fois qu\u2019une, le char de saint Nicolas\u00a0! Et pour cause\u00a0: celui qui ferme le&hellip;\n","protected":false},"author":2,"featured_media":583243,"comment_status":"","ping_status":"","sticky":false,"template":"","format":"standard","meta":{"footnotes":""},"categories":[9635],"tags":[1111,11,1687,1704,1777,674,2271,1011,27,775,1702,1703,12,2661,25,14334],"class_list":{"0":"post-583242","1":"post","2":"type-post","3":"status-publish","4":"format-standard","5":"has-post-thumbnail","7":"category-nancy","8":"tag-actu","9":"tag-actualites","10":"tag-culture-loisirs","11":"tag-edition-nancy-et-agglomeration","12":"tag-eu","13":"tag-europe","14":"tag-exposition-arts-plastiques","15":"tag-fr","16":"tag-france","17":"tag-grand-est","18":"tag-nancy","19":"tag-nancy-ville-54b","20":"tag-news","21":"tag-patrimoine-culturel","22":"tag-republique-francaise","23":"tag-saint-nicolas"},"share_on_mastodon":{"url":"https:\/\/pubeurope.com\/@fr\/115675653977941097","error":""},"_links":{"self":[{"href":"https:\/\/www.europesays.com\/fr\/wp-json\/wp\/v2\/posts\/583242","targetHints":{"allow":["GET"]}}],"collection":[{"href":"https:\/\/www.europesays.com\/fr\/wp-json\/wp\/v2\/posts"}],"about":[{"href":"https:\/\/www.europesays.com\/fr\/wp-json\/wp\/v2\/types\/post"}],"author":[{"embeddable":true,"href":"https:\/\/www.europesays.com\/fr\/wp-json\/wp\/v2\/users\/2"}],"replies":[{"embeddable":true,"href":"https:\/\/www.europesays.com\/fr\/wp-json\/wp\/v2\/comments?post=583242"}],"version-history":[{"count":0,"href":"https:\/\/www.europesays.com\/fr\/wp-json\/wp\/v2\/posts\/583242\/revisions"}],"wp:featuredmedia":[{"embeddable":true,"href":"https:\/\/www.europesays.com\/fr\/wp-json\/wp\/v2\/media\/583243"}],"wp:attachment":[{"href":"https:\/\/www.europesays.com\/fr\/wp-json\/wp\/v2\/media?parent=583242"}],"wp:term":[{"taxonomy":"category","embeddable":true,"href":"https:\/\/www.europesays.com\/fr\/wp-json\/wp\/v2\/categories?post=583242"},{"taxonomy":"post_tag","embeddable":true,"href":"https:\/\/www.europesays.com\/fr\/wp-json\/wp\/v2\/tags?post=583242"}],"curies":[{"name":"wp","href":"https:\/\/api.w.org\/{rel}","templated":true}]}}