{"id":583260,"date":"2025-12-07T01:37:32","date_gmt":"2025-12-07T01:37:32","guid":{"rendered":"https:\/\/www.europesays.com\/fr\/583260\/"},"modified":"2025-12-07T01:37:32","modified_gmt":"2025-12-07T01:37:32","slug":"deux-benevoles-de-la-securite-routiere-racontent-leur-engagement","status":"publish","type":"post","link":"https:\/\/www.europesays.com\/fr\/583260\/","title":{"rendered":"deux b\u00e9n\u00e9voles de la s\u00e9curit\u00e9 routi\u00e8re racontent leur engagement"},"content":{"rendered":"<p class=\"fs-5 \">Jean-Pierre Peugeot et Franck Taquet pourraient ne jamais s\u2019arr\u00eater de parler de leur <strong>engagement au sein de la s\u00e9curit\u00e9 routi\u00e8re<\/strong> de la pr\u00e9fecture des Alpes-Maritimes. Une belle complicit\u00e9 unit ces deux hommes aujourd\u2019hui <strong>charg\u00e9s de mission deux-roues<\/strong>. Jean-Pierre Peugeot a \u00e9t\u00e9 <strong>gendarme<\/strong>, Franck Taquet, lui, a \u00e9t\u00e9 <strong>policier<\/strong>. Ces deux motards passionn\u00e9s l\u2019affirment\u00a0: \u00ab\u00a0Le b\u00e9n\u00e9volat \u00e0 la s\u00e9curit\u00e9 routi\u00e8re, c\u2019est d\u2019abord un travail d\u2019\u00e9quipe.\u00a0\u00bb<\/p>\n<p>                                                                                <strong>49 b\u00e9n\u00e9voles dans le d\u00e9partement<\/strong><\/p>\n<p class=\"fs-5 \">Avec eux, 47 autres citoyens se sont engag\u00e9s \u00e0 animer des conf\u00e9rences, <strong>monter des ateliers et discuter de pr\u00e9vention routi\u00e8re<\/strong>. Sur un bout d\u2019autoroute, dans une salle de classe ou les locaux d\u2019une entreprise.<\/p>\n<p class=\"fs-5 \">Si Franck et Jean-Pierre viennent des forces de l\u2019ordre, d\u2019autres b\u00e9n\u00e9voles sont issus, eux, du civil. Des hommes et des femmes au parcours divers qui ont choisi de donner de leur temps pour une cause qui leur tient \u00e0 coeur.<\/p>\n<p class=\"fs-5 \">\u00ab\u00a0Au minimum deux fois par an\u00a0\u00bb, explique Nadia Hulin, \u00e0 la t\u00eate du bureau de la s\u00e9curit\u00e9 routi\u00e8re et qui veille \u00e0 l\u2019\u00e9quilibre de tout ce petit monde. \u00ab\u00a0Certains viennent \u00e0 la suite d\u2019un drame\u00a0\u00bb, explique encore Nadia Hulin. Un travail de fourmi que Franck et Jean-Pierre tiennent \u00e0 saluer. \u00ab\u00a0L\u2019\u00e9quipe est tr\u00e8s dynamique, Nadia nous emm\u00e8ne, c\u2019est fondamental d\u2019avoir quelqu\u2019un qui structure l\u2019action.\u00a0\u00bb Jean-Pierre sourit\u00a0: \u00ab\u00a0Nadia, elle ne fait rien sans nous et nous, on ne fait rien sans elle\u00a0\u00bb.<\/p>\n<p>                                                                                <strong>Se sentir utile<\/strong><\/p>\n<p class=\"fs-5 \">\u00ab\u00a0J\u2019ai commenc\u00e9 petit \u00e0 petit, se souvient Jean-Pierre Peugeot qui a aussi longtemps \u00e9t\u00e9 coach sportif. Au tout d\u00e9but, j\u2019allais sur les lieux d\u2019accident que j\u2019analysais. Je r\u00e9fl\u00e9chissais ensuite \u00e0 comment am\u00e9liorer ces tron\u00e7ons accidentog\u00e8nes.\u00a0\u00bb Des choses simples, \u00ab\u00a0comme un feu rouge cach\u00e9 par une plante\u00a0\u00bb \u00e0 plus complexes, \u00ab\u00a0comme l\u2019\u00e9tude des pneus ou de la route.\u00a0\u00bb<\/p>\n<p class=\"fs-5 \">Franck Taquet, lui, \u00e9tait d\u00e9j\u00e0 charg\u00e9 de s\u00e9curit\u00e9 routi\u00e8re au sein de la police. \u00ab\u00a0Devenir intervenant d\u00e9partemental de s\u00e9curit\u00e9 routi\u00e8re (IDSR) s\u2019est fait naturellement, et cela m\u2019a permis d\u2019\u00e9tendre mon r\u00e9seau.\u00a0\u00bb Les deux hommes co-animent depuis peu la<strong> formation d\u00e9di\u00e9e aux deux-roues<\/strong>. Les participants y apprennent \u00e0 bien se positionner sur la chauss\u00e9e, comment fonctionne leur v\u00e9hicule\u2026<\/p>\n<p class=\"fs-5 \">Un moment privil\u00e9gi\u00e9, estiment Jean-Pierre et Franck, pendant toute une journ\u00e9e. \u00ab\u00a0Les gens se tutoient, d\u00e9jeunent ensemble, \u00e7a les rapproche aussi des forces de l\u2019ordre.\u00a0\u00bb<\/p>\n<p>                                                                                <strong>Apprendre des autres<\/strong><\/p>\n<p class=\"fs-5 \">\u00ab\u00a0Quand on se d\u00e9place en tant que b\u00e9n\u00e9vole, c\u2019est qu\u2019il y a une envie, explique Jean-Pierre Peugeot. L\u2019envie d\u2019\u00eatre ensemble, d\u2019abord. \u00a0\u00bb<\/p>\n<p class=\"fs-5 \">\u00ab\u00a0Pour que \u00e7a tienne, il faut qu\u2019il y ait une ambiance. Moi, je retiens surtout l\u2019\u00e9change humain qui va au-del\u00e0 de l\u2019action b\u00e9n\u00e9vole\u00a0\u00bb, poursuit Franck Taquet. \u00ab\u00a0Et la volont\u00e9 d\u2019offrir de son temps, rench\u00e9rit Jean-Pierre qui parle d\u2019altruisme comme qualit\u00e9 premi\u00e8re pour s\u2019engager. Les gens viennent pour \u00eatre ensemble pas parce qu\u2019ils sont pay\u00e9s\u00a0\u00bb, poursuit l\u2019ancien gendarme.<\/p>\n<p class=\"fs-5 \">\u00ab\u00a0 Regarder la machine \u00e0 caf\u00e9 qui se met en route, \u00e9couter les discussions qui d\u00e9marrent. \u00a0On vient ici parce que \u00e7a cr\u00e9e du lien\u00a0\u00bb, r\u00e9sume Franck. \u00ab\u00a0Cette ann\u00e9e, explique Nadia Hulin, l\u2019accidentalit\u00e9 mortelle a baiss\u00e9 de 18%, soit neuf vies sauv\u00e9es. C\u2019est \u00e9norme. Et c\u2019est gr\u00e2ce \u00e0 eux\u00a0\u00bb.<\/p>\n","protected":false},"excerpt":{"rendered":"Jean-Pierre Peugeot et Franck Taquet pourraient ne jamais s\u2019arr\u00eater de parler de leur engagement au sein de la&hellip;\n","protected":false},"author":2,"featured_media":583261,"comment_status":"","ping_status":"","sticky":false,"template":"","format":"standard","meta":{"footnotes":""},"categories":[2819],"tags":[1111,11,1777,674,1011,27,12,2401,882,25],"class_list":{"0":"post-583260","1":"post","2":"type-post","3":"status-publish","4":"format-standard","5":"has-post-thumbnail","7":"category-nice","8":"tag-actu","9":"tag-actualites","10":"tag-eu","11":"tag-europe","12":"tag-fr","13":"tag-france","14":"tag-news","15":"tag-nice","16":"tag-provence-alpes-cote-dazur","17":"tag-republique-francaise"},"share_on_mastodon":{"url":"https:\/\/pubeurope.com\/@fr\/115675728711013883","error":""},"_links":{"self":[{"href":"https:\/\/www.europesays.com\/fr\/wp-json\/wp\/v2\/posts\/583260","targetHints":{"allow":["GET"]}}],"collection":[{"href":"https:\/\/www.europesays.com\/fr\/wp-json\/wp\/v2\/posts"}],"about":[{"href":"https:\/\/www.europesays.com\/fr\/wp-json\/wp\/v2\/types\/post"}],"author":[{"embeddable":true,"href":"https:\/\/www.europesays.com\/fr\/wp-json\/wp\/v2\/users\/2"}],"replies":[{"embeddable":true,"href":"https:\/\/www.europesays.com\/fr\/wp-json\/wp\/v2\/comments?post=583260"}],"version-history":[{"count":0,"href":"https:\/\/www.europesays.com\/fr\/wp-json\/wp\/v2\/posts\/583260\/revisions"}],"wp:featuredmedia":[{"embeddable":true,"href":"https:\/\/www.europesays.com\/fr\/wp-json\/wp\/v2\/media\/583261"}],"wp:attachment":[{"href":"https:\/\/www.europesays.com\/fr\/wp-json\/wp\/v2\/media?parent=583260"}],"wp:term":[{"taxonomy":"category","embeddable":true,"href":"https:\/\/www.europesays.com\/fr\/wp-json\/wp\/v2\/categories?post=583260"},{"taxonomy":"post_tag","embeddable":true,"href":"https:\/\/www.europesays.com\/fr\/wp-json\/wp\/v2\/tags?post=583260"}],"curies":[{"name":"wp","href":"https:\/\/api.w.org\/{rel}","templated":true}]}}