{"id":583270,"date":"2025-12-07T01:42:17","date_gmt":"2025-12-07T01:42:17","guid":{"rendered":"https:\/\/www.europesays.com\/fr\/583270\/"},"modified":"2025-12-07T01:42:17","modified_gmt":"2025-12-07T01:42:17","slug":"n2-les-resultats-et-le-classement-des-girondins-3","status":"publish","type":"post","link":"https:\/\/www.europesays.com\/fr\/583270\/","title":{"rendered":"N2 : les r\u00e9sultats et le classement des Girondins"},"content":{"rendered":"<p><img decoding=\"async\" src=\"https:\/\/www.europesays.com\/fr\/wp-content\/uploads\/2025\/08\/671_27a5a9e7434fc1a02b561d60e7fadd28.jpg\" alt=\"N2 : les r\u00e9sultats et le classement des Girondins\" class=\"img-responsive mt-3\"\/><\/p>\n<p class=\"text-center mb-3\" style=\"font-size: 14px\">\u00a9 Iconsport<\/p>\n<p><strong>Une 12e journ\u00e9e anim\u00e9e en N2 avant le prochain match des Girondins<\/strong><\/p>\n<p>Le club de Montlouis, qui recevra les Girondins samedi prochain, a disput\u00e9 un match \u00e0 suspense avant de conc\u00e9der le nul face \u00e0 Avranches. D\u00e9j\u00e0 battu par Bordeaux lors de la pr\u00e9c\u00e9dente journ\u00e9e, la r\u00e9serve de Lorient chute une nouvelle fois, cette fois-ci contre Ch\u00e2teaubriant.<\/p>\n<p><strong>R\u00e9sultats :<\/strong><\/p>\n<p style=\"text-align: justify;\">Les Herbiers<strong> 2-0<\/strong> Aviron Bayonnais<br \/>Angoul\u00eame Charente FC <strong>1-1<\/strong> Vend\u00e9e Foot Club RY<br \/>Stade Poitevin FC <strong>1-0<\/strong> US Granville<br \/>US Avranches <strong>3-3<\/strong> FC Montlouis<br \/><a href=\"https:\/\/www.webgirondins.com\/live-girondins-revivez-bordeaux-dinan-lehon-131396\" target=\"_blank\" rel=\"noopener\"><strong>FC Girondins de Bordeaux 2-0 Dinan L\u00e9hon<\/strong><\/a><br \/>Voltigeurs de Ch\u00e2teaubriant <strong>2-1<\/strong> FC Lorient II<br \/>Olympique Saumur FC <strong>3-1<\/strong> Saint-Colomban Locmin\u00e9<br \/>US Saint-Malo <strong>4-2<\/strong> Chauray FC<\/p>\n<p style=\"text-align: justify;\">&gt;&gt; <strong><a href=\"https:\/\/www.webgirondins.com\/classement-girondins-national-2\" target=\"_blank\" rel=\"noopener\">Voir le classement de National 2<\/a><\/strong><\/p>\n<p>\u00c0 lire : <strong><a href=\"https:\/\/www.webgirondins.com\/actualite-girondins-le-debrief-a-chaud-girondins-de-bordeaux-dinan-lehon-en-direct-131402\" target=\"_blank\" rel=\"noopener\">Le D\u00e9brief \u00e0 Chaud Girondins de Bordeaux-Dinan L\u00e9hon en direct<\/a><\/strong><\/p>\n<p style=\"text-align: justify;\">\u00c9coutez dans le podcast court sur l&rsquo;actu des Girondins :<\/p>\n<p>\u00a0<\/p>\n","protected":false},"excerpt":{"rendered":"\u00a9 Iconsport Une 12e journ\u00e9e anim\u00e9e en N2 avant le prochain match des Girondins Le club de Montlouis,&hellip;\n","protected":false},"author":2,"featured_media":309954,"comment_status":"","ping_status":"","sticky":false,"template":"","format":"standard","meta":{"footnotes":""},"categories":[2817],"tags":[1111,11,1997,7677,3477,1981,1446,3472,69672,1777,674,2823,1011,27,1987,2705,30130,3465,3473,3238,12,2219,25,1980,3333],"class_list":{"0":"post-583270","1":"post","2":"type-post","3":"status-publish","4":"format-standard","5":"has-post-thumbnail","7":"category-bordeaux","8":"tag-actu","9":"tag-actualites","10":"tag-bordeaux","11":"tag-celui","12":"tag-cette","13":"tag-classement","14":"tag-dans","15":"tag-dinan","16":"tag-douzieme","17":"tag-eu","18":"tag-europe","19":"tag-face","20":"tag-fr","21":"tag-france","22":"tag-girondins","23":"tag-groupe","24":"tag-imposes","25":"tag-journee","26":"tag-lehon","27":"tag-national","28":"tag-news","29":"tag-nouvelle-aquitaine","30":"tag-republique-francaise","31":"tag-resultats","32":"tag-sont"},"share_on_mastodon":{"url":"https:\/\/pubeurope.com\/@fr\/115675748979770298","error":""},"_links":{"self":[{"href":"https:\/\/www.europesays.com\/fr\/wp-json\/wp\/v2\/posts\/583270","targetHints":{"allow":["GET"]}}],"collection":[{"href":"https:\/\/www.europesays.com\/fr\/wp-json\/wp\/v2\/posts"}],"about":[{"href":"https:\/\/www.europesays.com\/fr\/wp-json\/wp\/v2\/types\/post"}],"author":[{"embeddable":true,"href":"https:\/\/www.europesays.com\/fr\/wp-json\/wp\/v2\/users\/2"}],"replies":[{"embeddable":true,"href":"https:\/\/www.europesays.com\/fr\/wp-json\/wp\/v2\/comments?post=583270"}],"version-history":[{"count":0,"href":"https:\/\/www.europesays.com\/fr\/wp-json\/wp\/v2\/posts\/583270\/revisions"}],"wp:featuredmedia":[{"embeddable":true,"href":"https:\/\/www.europesays.com\/fr\/wp-json\/wp\/v2\/media\/309954"}],"wp:attachment":[{"href":"https:\/\/www.europesays.com\/fr\/wp-json\/wp\/v2\/media?parent=583270"}],"wp:term":[{"taxonomy":"category","embeddable":true,"href":"https:\/\/www.europesays.com\/fr\/wp-json\/wp\/v2\/categories?post=583270"},{"taxonomy":"post_tag","embeddable":true,"href":"https:\/\/www.europesays.com\/fr\/wp-json\/wp\/v2\/tags?post=583270"}],"curies":[{"name":"wp","href":"https:\/\/api.w.org\/{rel}","templated":true}]}}