{"id":583275,"date":"2025-12-07T01:46:49","date_gmt":"2025-12-07T01:46:49","guid":{"rendered":"https:\/\/www.europesays.com\/fr\/583275\/"},"modified":"2025-12-07T01:46:49","modified_gmt":"2025-12-07T01:46:49","slug":"quelle-fatigue-sest-abattue-sur-les-marseillais-pour-les-voir-aussi-amorphes-sinterroge-riolo","status":"publish","type":"post","link":"https:\/\/www.europesays.com\/fr\/583275\/","title":{"rendered":"\u00ab\u00a0Quelle fatigue s&rsquo;est abattue sur les Marseillais pour les voir aussi amorphes?\u00a0\u00bb, s&rsquo;interroge Riolo"},"content":{"rendered":"<p>Battu 1-0 par les Dogues vendredi soir lors de la 15e journ\u00e9e de Ligue 1, l&rsquo;Olympique de Marseille a manqu\u00e9 l&rsquo;occasion de prendre de l&rsquo;avance sur l&rsquo;un de ses concurrents pour le podium. Mais c&rsquo;est surtout la mani\u00e8re qui a d\u00e9plu \u00e0 l&rsquo;entra\u00eeneur de l&rsquo;OM Roberto De Zerbi. Un manque de caract\u00e8re et d&rsquo;investissement durant la rencontre soulign\u00e9 par Daniel Riolo dans l&rsquo;After Foot sur RMC.<\/p>\n<p><a href=\"https:\/\/rmcsport.bfmtv.com\/football\/ligue-1\/direct-lille-marseille-suivez-en-live-le-match-de-la-15e-journee-de-ligue-1_LS-202512050826.html\" title=\"Ligue 1: la tr\u00e8s belle affaire du Losc qui s&#039;impose face \u00e0 un OM sans inspiration\" class=\"internal_link\" target=\"_blank\" rel=\"noopener\">L&rsquo;OM a rat\u00e9 son choc vendredi soir au stade Pierre-Mauroy<\/a>. Alors que les Marseillais avaient l&rsquo;occasion de reprendre la t\u00eate du championnat face \u00e0 Lille, un concurrent au podium, les Olympiens se sont fait surprendre d\u00e8s l&rsquo;entame de match par Ethan Mbapp\u00e9 (10e) avant de s&rsquo;incliner 1-0 au terme de la rencontre. Mais plus que le r\u00e9sultat, c&rsquo;est surtout la prestation tr\u00e8s terne des joueurs de Roberto De Zerbi qui restera dans les esprits.<\/p>\n<p>L&rsquo;OM \u00ab\u00a0passif de la premi\u00e8re \u00e0 la derni\u00e8re minute\u00a0\u00bb pour De Zerbi<\/p>\n<p><a href=\"https:\/\/rmcsport.bfmtv.com\/football\/ligue-1\/je-ne-m-attendais-pas-a-ce-qu-on-fasse-un-match-pareil-de-zerbi-enerve-apres-ses-joueurs-apres-lille-om_AV-202512051024.html\" title=\"Lille-OM: &quot;Je ne m\u2019attendais pas \u00e0 ce qu\u2019on fasse un match pareil&quot;, De Zerbi &quot;tr\u00e8s \u00e9nerv\u00e9&quot; apr\u00e8s ses joueurs\" class=\"internal_link\" target=\"_blank\" rel=\"noopener\">L&rsquo;entra\u00eeneur italien ne s&rsquo;est d&rsquo;ailleurs pas cach\u00e9 en conf\u00e9rence de presse<\/a> apr\u00e8s le match. \u00ab\u00a0On a mal jou\u00e9 et on m\u00e9rite de perdre. On n\u2019a pas fait trois passes de suite. On a perdu tous les deuxi\u00e8mes ballons. M\u00eame par le dribble on arrivait \u00e0 \u00e9liminer personne. En phase d\u00e9fensive, on n\u2019a jamais \u00e9t\u00e9 agressif comme on peut l\u2019\u00eatre d\u2019habitude. On a \u00e9t\u00e9 passif de la 1ere \u00e0 la derni\u00e8re minute (&#8230;) Oui, c\u2019est vrai, je suis tr\u00e8s \u00e9nerv\u00e9, je ne m\u2019attendais pas \u00e0 ce qu\u2019on fasse un match pareil.\u00a0\u00bb<\/p>\n<p>Le capitaine de l&rsquo;OM, <a href=\"https:\/\/rmcsport.bfmtv.com\/football\/ligue-1\/video-lille-1-0-om-je-n-ai-pas-de-mot-balerdi-embarrasse_VN-202512051036.html\" title=\"Lille 1-0 OM : &quot;Je n&#039;ai pas de mot&quot; Balerdi embarrass\u00e9\" class=\"internal_link\" target=\"_blank\" rel=\"noopener\">Leonardo Balerdi<\/a>, n&rsquo;avait lui \u00ab\u00a0pas les mots\u00a0\u00bb pour qualifier cette sortie rat\u00e9e.<\/p>\n<p>\u00ab\u00a0Ce peu de courses, ce peu d&rsquo;investissement, je ne me l&rsquo;explique pas\u00a0\u00bb, pr\u00e9cise Riolo<\/p>\n<p>Dans l&rsquo;After Foot sur RMC, Daniel Riolo s&rsquo;est lui aussi interrog\u00e9 sur le manque d&rsquo;investissement des joueurs marseillais face au LOSC, dans un match pourtant tr\u00e8s important au vu des ambitions olympiennes cette saison. \u00ab\u00a0Quelle fatigue s&rsquo;est abattue \u00e0 ce point sur les Marseillais &#8211; qui n&rsquo;ont pas jou\u00e9 un match suppl\u00e9mentaire en C1 en milieu de semaine &#8211; pour les voir aussi amorphes et les voir fournir aussi peu d&rsquo;efforts par rapport \u00e0 Lille qui joue aussi tous les trois jours depuis le d\u00e9but de la saison? Ce peu de courses, ce peu d&rsquo;investissement, je ne me l&rsquo;explique pas, je ne le comprends pas, c&rsquo;est presque une faute. Ce n&rsquo;est pas normal que l&rsquo;OM dispute ce genre de matchs sans se donner \u00e0 fond.\u00a0\u00bb<\/p>\n<p>Pour Florent Gautreau, le probl\u00e8me se trouve peut-\u00eatre ailleurs que sur l&rsquo;aspect physique. \u00ab\u00a0Il y a une incompr\u00e9hension des choix tactiques, et c&rsquo;est quand m\u00eame compliqu\u00e9 alors que tu as des joueurs d&rsquo;exp\u00e9rience sur le terrain comme Kondogbia, Emerson Palmieri&#8230; Et les jeunes comme <a href=\"https:\/\/rmcsport.bfmtv.com\/football\/ligue-des-champions\/om-darryl-bakola-les-coulisses-d-un-choix-plein-d-audace-et-de-promesses_AV-202511261030.html\" title=\"OM: Darryl Bakola, les coulisses d\u2019un choix plein d\u2019audace et de promesses\" class=\"internal_link\" target=\"_blank\" rel=\"noopener\">Bakola<\/a>, comme Vaz, qui prennent de plus en plus leurs responsabilit\u00e9, quand ils sont entr\u00e9s sur le terrain, je ne les ai pas vus comprendre ce qu&rsquo;ils devaient faire. Il n&rsquo;y avait pas plus d&rsquo;intensit\u00e9, pas plus de circuits de jeu identifi\u00e9s.\u00a0\u00bb<\/p>\n","protected":false},"excerpt":{"rendered":"Battu 1-0 par les Dogues vendredi soir lors de la 15e journ\u00e9e de Ligue 1, l&rsquo;Olympique de Marseille&hellip;\n","protected":false},"author":2,"featured_media":583276,"comment_status":"","ping_status":"","sticky":false,"template":"","format":"standard","meta":{"footnotes":""},"categories":[2815],"tags":[1111,11,1777,674,1011,27,811,1307,12,25],"class_list":{"0":"post-583275","1":"post","2":"type-post","3":"status-publish","4":"format-standard","5":"has-post-thumbnail","7":"category-lille","8":"tag-actu","9":"tag-actualites","10":"tag-eu","11":"tag-europe","12":"tag-fr","13":"tag-france","14":"tag-hauts-de-france","15":"tag-lille","16":"tag-news","17":"tag-republique-francaise"},"share_on_mastodon":{"url":"https:\/\/pubeurope.com\/@fr\/115675767975293271","error":""},"_links":{"self":[{"href":"https:\/\/www.europesays.com\/fr\/wp-json\/wp\/v2\/posts\/583275","targetHints":{"allow":["GET"]}}],"collection":[{"href":"https:\/\/www.europesays.com\/fr\/wp-json\/wp\/v2\/posts"}],"about":[{"href":"https:\/\/www.europesays.com\/fr\/wp-json\/wp\/v2\/types\/post"}],"author":[{"embeddable":true,"href":"https:\/\/www.europesays.com\/fr\/wp-json\/wp\/v2\/users\/2"}],"replies":[{"embeddable":true,"href":"https:\/\/www.europesays.com\/fr\/wp-json\/wp\/v2\/comments?post=583275"}],"version-history":[{"count":0,"href":"https:\/\/www.europesays.com\/fr\/wp-json\/wp\/v2\/posts\/583275\/revisions"}],"wp:featuredmedia":[{"embeddable":true,"href":"https:\/\/www.europesays.com\/fr\/wp-json\/wp\/v2\/media\/583276"}],"wp:attachment":[{"href":"https:\/\/www.europesays.com\/fr\/wp-json\/wp\/v2\/media?parent=583275"}],"wp:term":[{"taxonomy":"category","embeddable":true,"href":"https:\/\/www.europesays.com\/fr\/wp-json\/wp\/v2\/categories?post=583275"},{"taxonomy":"post_tag","embeddable":true,"href":"https:\/\/www.europesays.com\/fr\/wp-json\/wp\/v2\/tags?post=583275"}],"curies":[{"name":"wp","href":"https:\/\/api.w.org\/{rel}","templated":true}]}}