{"id":583279,"date":"2025-12-07T01:49:18","date_gmt":"2025-12-07T01:49:18","guid":{"rendered":"https:\/\/www.europesays.com\/fr\/583279\/"},"modified":"2025-12-07T01:49:18","modified_gmt":"2025-12-07T01:49:18","slug":"lancienne-ecole-darchitecture-de-luminy-a-marseille-un-patrimoine-en-transition","status":"publish","type":"post","link":"https:\/\/www.europesays.com\/fr\/583279\/","title":{"rendered":"L&rsquo;ancienne \u00e9cole d&rsquo;architecture de Luminy \u00e0 Marseille, un patrimoine en transition"},"content":{"rendered":"<p>Sur les pans de murs, les pancartes indiquent encore la salle des profs et les ateliers d\u2019architecture. Les lieux n\u2019ont pas chang\u00e9, pourtant, plus aucun \u00e9tudiant n\u2019y met les pieds. Les locaux de l\u2019ancienne \u00e9cole d\u2019architecture abritent aujourd\u2019hui les activit\u00e9s <a href=\"https:\/\/www.laprovence.com\/article\/sorties-loisirs\/4868357\/les-beaux-arts-un-atout-pour-marseille.html\" target=\"_blank\" rel=\"noopener\">des Beaux-Arts (\u00c9cole sup\u00e9rieure d\u2019art et de design Marseille-M\u00e9diterran\u00e9e) <\/a>et du Conservatoire Pierre Barbizet, sous l\u2019appellation de Campus Art M\u00e9diterran\u00e9e.<\/p>\n<p>Entre ses patios baign\u00e9s de lumi\u00e8re et son ouverture sur le <a href=\"https:\/\/www.laprovence.com\/article\/edition-marseille\/6459917\/tous-les-etes-ils-surveillent-le-parc-des-calanques.html\" target=\"_blank\" rel=\"noopener\">Parc des calanques<\/a>, le b\u00e2timent rappelle les universit\u00e9s am\u00e9ricaines. \u00ab\u00a0Elle reprend les codes du Black Mountain College aux \u00c9tats-Unis, ceux d\u2019un immense campus universitaire excentr\u00e9 qui se transforme en un v\u00e9ritable espace de vie\u00a0\u00bb, d\u00e9crit Rapha\u00ebl Devey, directeur du p\u00f4le projets et contr\u00f4le de gestion.<\/p>\n<p>Des travaux cons\u00e9quents et un espace qui vit tout doucement<\/p>\n<p>Cet \u00e9quipement moderniste a connu une s\u00e9rie de travaux\u00a0: dans les ann\u00e9es\u00a090, l\u2019int\u00e9gralit\u00e9 du premier \u00e9tage&#8230;<\/p>\n","protected":false},"excerpt":{"rendered":"Sur les pans de murs, les pancartes indiquent encore la salle des profs et les ateliers d\u2019architecture. Les&hellip;\n","protected":false},"author":2,"featured_media":583280,"comment_status":"","ping_status":"","sticky":false,"template":"","format":"standard","meta":{"footnotes":""},"categories":[2814],"tags":[17,1111,11,17774,1122,1777,674,1011,27,25401,2831,19850,884,12,2551,882,25,6481],"class_list":{"0":"post-583279","1":"post","2":"type-post","3":"status-publish","4":"format-standard","5":"has-post-thumbnail","7":"category-marseille","8":"tag-17","9":"tag-actu","10":"tag-actualites","11":"tag-darchitecture","12":"tag-ecole","13":"tag-eu","14":"tag-europe","15":"tag-fr","16":"tag-france","17":"tag-lancienne","18":"tag-loisirs-traditions","19":"tag-luminy","20":"tag-marseille","21":"tag-news","22":"tag-patrimoine","23":"tag-provence-alpes-cote-dazur","24":"tag-republique-francaise","25":"tag-transition"},"share_on_mastodon":{"url":"https:\/\/pubeurope.com\/@fr\/115675775902010384","error":""},"_links":{"self":[{"href":"https:\/\/www.europesays.com\/fr\/wp-json\/wp\/v2\/posts\/583279","targetHints":{"allow":["GET"]}}],"collection":[{"href":"https:\/\/www.europesays.com\/fr\/wp-json\/wp\/v2\/posts"}],"about":[{"href":"https:\/\/www.europesays.com\/fr\/wp-json\/wp\/v2\/types\/post"}],"author":[{"embeddable":true,"href":"https:\/\/www.europesays.com\/fr\/wp-json\/wp\/v2\/users\/2"}],"replies":[{"embeddable":true,"href":"https:\/\/www.europesays.com\/fr\/wp-json\/wp\/v2\/comments?post=583279"}],"version-history":[{"count":0,"href":"https:\/\/www.europesays.com\/fr\/wp-json\/wp\/v2\/posts\/583279\/revisions"}],"wp:featuredmedia":[{"embeddable":true,"href":"https:\/\/www.europesays.com\/fr\/wp-json\/wp\/v2\/media\/583280"}],"wp:attachment":[{"href":"https:\/\/www.europesays.com\/fr\/wp-json\/wp\/v2\/media?parent=583279"}],"wp:term":[{"taxonomy":"category","embeddable":true,"href":"https:\/\/www.europesays.com\/fr\/wp-json\/wp\/v2\/categories?post=583279"},{"taxonomy":"post_tag","embeddable":true,"href":"https:\/\/www.europesays.com\/fr\/wp-json\/wp\/v2\/tags?post=583279"}],"curies":[{"name":"wp","href":"https:\/\/api.w.org\/{rel}","templated":true}]}}