{"id":583283,"date":"2025-12-07T01:51:20","date_gmt":"2025-12-07T01:51:20","guid":{"rendered":"https:\/\/www.europesays.com\/fr\/583283\/"},"modified":"2025-12-07T01:51:20","modified_gmt":"2025-12-07T01:51:20","slug":"la-fete-des-lumieres-2025-vire-a-la-polemique","status":"publish","type":"post","link":"https:\/\/www.europesays.com\/fr\/583283\/","title":{"rendered":"la F\u00eate des Lumi\u00e8res 2025 vire \u00e0 la pol\u00e9mique &#8211;"},"content":{"rendered":"<p>\t\t\t\t<img fetchpriority=\"high\" decoding=\"async\" width=\"900\" height=\"610\" src=\"https:\/\/www.europesays.com\/fr\/wp-content\/uploads\/2025\/12\/Fete-des-Lumieres-haine-Eliott-D.jpg\" alt=\"\" title=\"Fete des Lumi\u00e8res haine Eliott D\"   class=\"wp-image-167634\"\/><\/p>\n<p>Des messages de haine ont \u00e9t\u00e9 projet\u00e9s sur le palais Saint Pierre \u2013 capture d\u2019\u00e9cran Eliot D et Actu Lyon <\/p>\n<p><strong>Texte\u00a0: Marco Polisson<\/strong> \u2013 Les \u00e9cologistes voulaient faire de leur derni\u00e8re f\u00eate des lumi\u00e8res un manifeste, mais leur amateurisme s\u2019est manifest\u00e9 d\u00e8s les premi\u00e8res heures de la F\u00eate des Lumi\u00e8res. En particulier au parc de la T\u00eate d\u2019Or, vers lequel des milliers de personnes ont converg\u00e9 pour assister au spectacle des 500 drones pr\u00e9sent\u00e9 comme la nouveaut\u00e9 de l\u2019ann\u00e9e.<\/p>\n<p>Comme le montrent les vid\u00e9os de nos confr\u00e8res du Progr\u00e8s et d\u2019Actu Lyon, plusieurs milliers de personnes se sont mass\u00e9es devant la grande grille du parc, du c\u00f4t\u00e9 des Enfants du Rh\u00f4ne. La queue, interminable, s\u2019est rapidement \u00e9tendue tout le long du boulevard des Belges\u2026 jusqu\u2019au boulevard Stalingrad.<\/p>\n<blockquote class=\"twitter-tweet\">\n<p dir=\"ltr\" lang=\"fr\">Des spectateurs de la F\u00eate des Lumi\u00e8res de Lyon sont rest\u00e9s \u00e0 la porte du parc de la T\u00eate d\u2019Or. Ils n\u2019ont pas pu assister au spectacle de drones en arrivant \u00e0 22h. Le parc \u00e9tait d\u00e9j\u00e0 ferm\u00e9 malgr\u00e9 la foule g\u00e9ante. Ils sont d\u00e9\u00e7us. <a href=\"https:\/\/twitter.com\/hashtag\/Lyon?src=hash&amp;ref_src=twsrc%5Etfw\" target=\"_blank\" rel=\"noopener\">#Lyon<\/a> <a href=\"https:\/\/t.co\/N3EwYXY71I\">pic.twitter.com\/N3EwYXY71I<\/a><\/p>\n<p>\u2014 actu Lyon (@actufr_lyon) <a href=\"https:\/\/twitter.com\/actufr_lyon\/status\/1997336366774964460?ref_src=twsrc%5Etfw\" target=\"_blank\" rel=\"noopener\">December 6, 2025<\/a><\/p>\n<\/blockquote>\n<p>Des kilom\u00e8tres de bouchon pi\u00e9ton, et des heures perdues dans le froid, pour des visiteurs souvent venus de tr\u00e8s loin. Qui ont patient\u00e9, patient\u00e9, pour finalement se voir refuser l\u2019entr\u00e9e du parc\u00a0! D\u00e9gout\u00e9s, ils ont du faire demi-tour et pu appr\u00e9cier \u00e0 sa juste mesure le professionnalisme de la Ville de Lyon\u2026<\/p>\n<p><strong>Hypocrisie et complicit\u00e9\u00a0? <\/strong><br \/>\n<img loading=\"lazy\" decoding=\"async\" aria-describedby=\"caption-attachment-167640\" class=\"size-full wp-image-167640\" src=\"data:image\/svg+xml,%3Csvg%20xmlns=\" http:=\"\" alt=\"\" width=\"900\" height=\"600\" data-lazy- data-lazy- data-lazy-src=\"https:\/\/www.europesays.com\/fr\/wp-content\/uploads\/2025\/12\/fete-des-lumieres-couscous-lyon-actu.jpeg\"\/><\/p>\n<p id=\"caption-attachment-167640\" class=\"wp-caption-text\">Photo \u00a9 Anthony Soudani \/ actu Lyon<\/p>\n<p>Mais le plus gros incident s\u2019est produit sur la place des Terreaux. Sur le fond, d\u00e9j\u00e0, personne \u00e0 part le petit Gr\u00e9gory n\u2019a compris la vid\u00e9o projet\u00e9e sur les fa\u00e7ades du palais Saint pierre et l\u2019H\u00f4tel de Ville de Lyon. Des boites de raviolis qui s\u2019entrechoquent et des marmites de couscous qui fument\u2026 Du subliminal en mode provoc pour beaucoup d\u2019observateurs. \u00ab\u00a0Quel rapport avec le 8 d\u00e9cembre ?\u00a0\u00bb s\u2019interroge le candidat UDR RN <strong>Alexandre Dupalais<\/strong>, sur la m\u00eame longueur d\u2019onde qu\u2019<strong>\u00c9douard Hoffmann,<\/strong> soutien de <strong>Jean-Michel Aulas<\/strong>.<\/p>\n<p>Mais les spectateurs n\u2019\u00e9taient pas au bout de leur peine. Samedi soir, \u00e0 la fin d\u2019un cycle, des messages de haine ont \u00e9t\u00e9 projet\u00e9s sur la corniche du Mus\u00e9e des beaux-arts. Des projections parfaitement cadr\u00e9es o\u00f9 l\u2019on pouvait lire des slogans anti-police, dont raffolent les alli\u00e9s d\u2019extr\u00eame gauche de <strong>Gr\u00e9gory Doucet<\/strong> et <strong>Bruno Bernard<\/strong>. Sur X, le syndicat Alliance Police Nationale \u00ab\u00a0d\u00e9nonce fermement les slogans projet\u00e9s ce soir \u00e0 Lyon. Accuser la Police de \u00ab tuer \u00bb pendant que nous prot\u00e9geons des milliers de personnes, c\u2019est diffamer et attiser la haine contre ceux qui assurent votre s\u00e9curit\u00e9\u00a0\u00bb.<\/p>\n<p><strong>\u00ab\u00a0La police blesse et tue\u00a0\u00bb, \u00ab\u00a0Non \u00e0 l\u2019\u00e9tat policier\u00a0\u00bb<\/strong><\/p>\n<p>Parmi les slogans projet\u00e9s, des th\u00e9matiques ch\u00e8res au militants antifa comme la lutte contre le Rassemblement national ou aux \u00e9cologistes comme le message \u00ab Sainte Soline, ni oubli, ni pardon \u00bb qui fait r\u00e9f\u00e9rence \u00e0 la tr\u00e8s violente attaque des militants verts et rouges contre les gendarmes qui prot\u00e9geaient le chantier de la grande bassine agricole de Sainte Soline. Plusieurs v\u00e9hicules de gendarmerie avaient \u00e9t\u00e9 incendi\u00e9s, et des dizaines de bless\u00e9s comptabilis\u00e9s de part et d\u2019autre. Depuis ces incidents, les agresseurs se font passer pour des victimes de la violence polici\u00e8re.<\/p>\n<p><img loading=\"lazy\" decoding=\"async\" class=\"alignnone size-full wp-image-167635\" src=\"data:image\/svg+xml,%3Csvg%20xmlns=\" http:=\"\" alt=\"\" width=\"900\" height=\"559\" data-lazy- data-lazy- data-lazy-src=\"https:\/\/www.europesays.com\/fr\/wp-content\/uploads\/2025\/12\/Fete-des-Lumieres-sainte-soline-.jpg\"\/><\/p>\n<p>Selon nos confr\u00e8res de Lyon Mag, Gr\u00e9gory Doucet a condamn\u00e9\u00a0\u00ab\u00a0ces propos violents envers les forces de police qui participent \u00e0 la s\u00e9curit\u00e9 des Lyonnais et des visiteurs pour la F\u00eate des Lumi\u00e8res\u00a0\u00bb. Service minimum pour l\u2019\u00e9ph\u00e9maire qui a d\u00e9lib\u00e9r\u00e9ment choisi d\u2019ins\u00e9rer un message politique au sein de la f\u00eate.<\/p>\n<p>En effet, le choix de l\u2019association immigrationiste <a href=\"https:\/\/www.lyonpeople.com\/actualites-lyon\/fete-du-8-decembre-la-face-obscure-des-lumignons-du-coeur-2025-12-05.html\" target=\"_blank\" rel=\"noopener\"><strong>Singa pour l\u2019op\u00e9ration des Lumignons du C\u0153ur<\/strong> <\/a>\u00e9tait d\u00e9j\u00e0 un signal envoy\u00e9 \u00e0 sa base radicale. Forte de son impunit\u00e9, cette derni\u00e8re s\u2019est organis\u00e9e pour b\u00e9n\u00e9ficier de l\u2019\u00e9cho national de la F\u00eate des Lumi\u00e8res.<\/p>\n<p>\u00ab\u00a0Heureusement que ce n\u2019\u00e9taient pas des grenades\u00a0qui ont \u00e9t\u00e9 projet\u00e9es sur le public !\u00a0\u00bb me glisse un lecteur choqu\u00e9 par la facilit\u00e9 d\u00e9concertante de l\u2019op\u00e9ration. Interrog\u00e9 en direct sur CNews, le pr\u00e9fet d\u00e9l\u00e9gu\u00e9 \u00e0 la s\u00e9curit\u00e9 \u2013 fort g\u00ean\u00e9 aux entournures \u2013 a assur\u00e9 que tout serait fait pour retrouver les auteurs de \u00ab\u00a0cet acte inqualifiable\u00a0\u00bb\u2026<\/p>\n<p>\t\t\t<script async src=\"https:\/\/platform.twitter.com\/widgets.js\" charset=\"utf-8\"><\/script><\/p>\n","protected":false},"excerpt":{"rendered":"Des messages de haine ont \u00e9t\u00e9 projet\u00e9s sur le palais Saint Pierre \u2013 capture d\u2019\u00e9cran Eliot D et&hellip;\n","protected":false},"author":2,"featured_media":583284,"comment_status":"","ping_status":"","sticky":false,"template":"","format":"standard","meta":{"footnotes":""},"categories":[1889],"tags":[4257,1111,11,2430,1777,674,48836,1011,27,2428,12,25],"class_list":{"0":"post-583283","1":"post","2":"type-post","3":"status-publish","4":"format-standard","5":"has-post-thumbnail","7":"category-lyon","8":"tag-0top","9":"tag-actu","10":"tag-actualites","11":"tag-auvergne-rhone-alpes","12":"tag-eu","13":"tag-europe","14":"tag-fete-des-lumieres","15":"tag-fr","16":"tag-france","17":"tag-lyon","18":"tag-news","19":"tag-republique-francaise"},"share_on_mastodon":{"url":"https:\/\/pubeurope.com\/@fr\/115675784415691437","error":""},"_links":{"self":[{"href":"https:\/\/www.europesays.com\/fr\/wp-json\/wp\/v2\/posts\/583283","targetHints":{"allow":["GET"]}}],"collection":[{"href":"https:\/\/www.europesays.com\/fr\/wp-json\/wp\/v2\/posts"}],"about":[{"href":"https:\/\/www.europesays.com\/fr\/wp-json\/wp\/v2\/types\/post"}],"author":[{"embeddable":true,"href":"https:\/\/www.europesays.com\/fr\/wp-json\/wp\/v2\/users\/2"}],"replies":[{"embeddable":true,"href":"https:\/\/www.europesays.com\/fr\/wp-json\/wp\/v2\/comments?post=583283"}],"version-history":[{"count":0,"href":"https:\/\/www.europesays.com\/fr\/wp-json\/wp\/v2\/posts\/583283\/revisions"}],"wp:featuredmedia":[{"embeddable":true,"href":"https:\/\/www.europesays.com\/fr\/wp-json\/wp\/v2\/media\/583284"}],"wp:attachment":[{"href":"https:\/\/www.europesays.com\/fr\/wp-json\/wp\/v2\/media?parent=583283"}],"wp:term":[{"taxonomy":"category","embeddable":true,"href":"https:\/\/www.europesays.com\/fr\/wp-json\/wp\/v2\/categories?post=583283"},{"taxonomy":"post_tag","embeddable":true,"href":"https:\/\/www.europesays.com\/fr\/wp-json\/wp\/v2\/tags?post=583283"}],"curies":[{"name":"wp","href":"https:\/\/api.w.org\/{rel}","templated":true}]}}