{"id":583297,"date":"2025-12-07T01:59:17","date_gmt":"2025-12-07T01:59:17","guid":{"rendered":"https:\/\/www.europesays.com\/fr\/583297\/"},"modified":"2025-12-07T01:59:17","modified_gmt":"2025-12-07T01:59:17","slug":"macron-va-rencontrer-zelensky-lundi-letat-de-la-centrale-de-tchernobyl-inquietant","status":"publish","type":"post","link":"https:\/\/www.europesays.com\/fr\/583297\/","title":{"rendered":"Macron va rencontrer Zelensky lundi, l\u2019\u00e9tat de la centrale de Tchernobyl inqui\u00e9tant"},"content":{"rendered":"<p>Vous avez rat\u00e9 les derniers \u00e9v\u00e9nements sur la <a href=\"https:\/\/www.20minutes.fr\/monde\/ukraine\/\" class=\"c-link c-link--is-underlined\" target=\"_blank\" rel=\"noopener\">guerre en Ukraine<\/a>\u00a0? 20 Minutes fait le point pour vous tous les soirs. Voici l\u2019essentiel de ce samedi 6\u00a0d\u00e9cembre, au 1.381e jour du conflit.<\/p>\n<p>Le fait du jour<\/p>\n<p><a href=\"https:\/\/www.20minutes.fr\/politique\/emmanuel-macron\/\" class=\"c-link c-link--is-underlined\" target=\"_blank\" rel=\"noopener\">Emmanuel Macron<\/a> a annonc\u00e9 sur X qu\u2019il allait rencontrer lundi \u00e0 Londres son <a href=\"https:\/\/www.20minutes.fr\/monde\/ukraine\/4189120-20251201-guerre-ukraine-zelensky-vient-rassurer-paris-avant-destin-joue-moscou\" class=\"c-link c-link--is-underlined\" target=\"_blank\" rel=\"noopener\">homologue ukrainien<\/a>, le Premier ministre britannique Keir Starmer et le chancelier allemand Friedrich Merz pour faire le point sur \u00ab\u00a0les n\u00e9gociations en cours dans le cadre de la m\u00e9diation am\u00e9ricaine\u00a0\u00bb.<\/p>\n<p><\/p>\n<p>\u00ab\u00a0Nous devons continuer \u00e0 faire pression sur la Russie pour la contraindre \u00e0 la paix\u00a0\u00bb, a ajout\u00e9 samedi le pr\u00e9sident fran\u00e7ais condamnant \u00ab\u00a0avec la plus grande fermet\u00e9\u00a0\u00bb les nouvelles frappes qui ont cibl\u00e9 l\u2019Ukraine et r\u00e9it\u00e9rant son \u00ab\u00a0soutien ind\u00e9fectible\u00a0\u00bb \u00e0 Kiev.<\/p>\n<p>Le Premier ministre nationaliste hongrois <a href=\"https:\/\/www.20minutes.fr\/dossier\/viktor_orban\" class=\"c-link c-link--is-underlined\" target=\"_blank\" rel=\"noopener\">Viktor Orb\u00e1n<\/a> a pour sa part annonc\u00e9 l\u2019envoi d\u2019une d\u00e9l\u00e9gation d\u2019hommes d\u2019affaires en Russie dans les prochains jours, pour pr\u00e9parer l\u2019apr\u00e8s-guerre en Ukraine, samedi lors d\u2019un meeting \u00e0 quelques mois des \u00e9lections l\u00e9gislatives dans son pays.<\/p>\n<p>La d\u00e9claration du jour<\/p>\n<blockquote class=\"mx-m@xs mx-xxl@md color-ultramarine c-citation\">\n<p class=\"font-weight-regular@xs text-italic font-source-serif-pro text-l@xs c-citation__content\">\u00ab\u00a0L\u2019Ukraine est d\u00e9termin\u00e9e \u00e0 continuer de travailler honn\u00eatement avec la partie am\u00e9ricaine pour instaurer une paix r\u00e9elle. Nous sommes convenus de prochaines \u00e9tapes et du format des discussions avec les Etats-Unis\u00a0\u00bb<\/p>\n<\/blockquote>\n<p>Le pr\u00e9sident ukrainien a indiqu\u00e9 avoir eu une conversation t\u00e9l\u00e9phonique \u00ab\u00a0substantielle et constructive\u00a0\u00bb avec les \u00e9missaires am\u00e9ricains <a href=\"https:\/\/www.20minutes.fr\/monde\/ukraine\/4189203-20251202-guerre-ukraine-roule-steve-witkoff-emissaire-americain-donald-trump-russie\" class=\"c-link c-link--is-underlined\" target=\"_blank\" rel=\"noopener\">Steve Witkoff<\/a> et <a href=\"https:\/\/www.20minutes.fr\/monde\/jared-kushner\/\" class=\"c-link c-link--is-underlined\" target=\"_blank\" rel=\"noopener\">Jared Kushner<\/a> et les n\u00e9gociateurs de Kiev venus les rencontrer en Floride pour des pourparlers sur la fin du conflit en Ukraine.<\/p>\n<p>Le chiffre du jour<\/p>\n<p>653. Au total, <a href=\"https:\/\/www.20minutes.fr\/monde\/ukraine\/4190058-20251206-guerre-ukraine-frappes-massives-drones-missiles-russes-visent-sites-energetiques\" class=\"c-link c-link--is-underlined\" target=\"_blank\" rel=\"noopener\">653 drones et 51 missiles russes ont vis\u00e9<\/a> l\u2019Ukraine dans la nuit, selon l\u2019arm\u00e9e ukrainienne. \u00ab\u00a0Les principales cibles de ces frappes ont, une fois de plus, \u00e9t\u00e9 des installations \u00e9nerg\u00e9tiques. L\u2019objectif de la Russie est d\u2019infliger des souffrances \u00e0 des millions d\u2019Ukrainiens\u00a0\u00bb, a r\u00e9agi <a href=\"https:\/\/www.20minutes.fr\/monde\/volodymyr-zelensky\/\" class=\"c-link c-link--is-underlined\" target=\"_blank\" rel=\"noopener\">Volodymyr Zelensky<\/a> sur les r\u00e9seaux sociaux, alors que des milliers de foyers \u00e9taient \u00e0 nouveau priv\u00e9s de chauffage en plein hiver.<\/p>\n<p>La Russie \u00ab\u00a0attaque massivement la r\u00e9gion de Kiev avec des drones et des missiles\u00a0\u00bb, avait indiqu\u00e9 samedi \u00e0 l\u2019aube le gouverneur r\u00e9gional Mykola Kalachnyk, faisant \u00e9tat de trois bless\u00e9s. Des drones et des missiles ont \u00e9galement pris pour cible des sites \u00e9nerg\u00e9tiques dans les r\u00e9gions de Tcherniguiv (nord), Zaporijia (sud), Lviv (ouest) et Dnipropetrovsk (centre-est), ont affirm\u00e9 des responsables officiels.<\/p>\n<p>La tendance<\/p>\n<p>La situation de la centrale nucl\u00e9aire de <a href=\"https:\/\/www.20minutes.fr\/dossier\/tchernobyl\" class=\"c-link c-link--is-underlined\" target=\"_blank\" rel=\"noopener\">Tchernobyl<\/a> inqui\u00e8te l\u2019Agence internationale de l\u2019\u00e9nergie atomique (AIEA). L\u2019arche qui prot\u00e8ge le r\u00e9acteur endommag\u00e9 n\u2019est plus en mesure d\u2019assurer sa fonction de protection en raison des d\u00e9g\u00e2ts caus\u00e9s par un drone, a-t-elle d\u00e9clar\u00e9 vendredi, selon <a href=\"https:\/\/www.challenges.fr\/monde\/ukraine-laiea-confirme-que-larche-de-tchernobyl-a-ete-endommage_632968\" target=\"_blank\" class=\"c-link c-link--is-underlined\" rel=\"noopener\">Reuters<\/a>.<\/p>\n<p><a href=\"htttp:\/\/www.20minutes.fr\/monde\/ukraine\" class=\"c-link c-btn c-btn--primary\" target=\"_blank\" rel=\"noopener\">Notre dossier sur la guerre en Ukraine<\/a><\/p>\n<p>L\u2019AIEA a indiqu\u00e9 qu\u2019une inspection avait d\u00e9termin\u00e9 que les d\u00e9g\u00e2ts caus\u00e9s \u00e0 la structure, d\u00e9couverts en f\u00e9vrier dernier, l\u2019avaient d\u00e9t\u00e9rior\u00e9. La mission d\u2019inspection a \u00ab\u00a0confirm\u00e9 que [l\u2019arche] avait perdu ses fonctions premi\u00e8res de s\u00e9curit\u00e9, notamment ses capacit\u00e9s de confinement\u00a0\u00bb, selon le directeur de l\u2019agence onusienne, Rafael Grossi.<\/p>\n","protected":false},"excerpt":{"rendered":"Vous avez rat\u00e9 les derniers \u00e9v\u00e9nements sur la guerre en Ukraine\u00a0? 20 Minutes fait le point pour vous&hellip;\n","protected":false},"author":2,"featured_media":583298,"comment_status":"","ping_status":"","sticky":false,"template":"","format":"standard","meta":{"footnotes":""},"categories":[1590],"tags":[47,11,10733,75,564,1073,73,1777,674,4710,131,22276,2581,74,12,136,132,14922,220,7247,135,134],"class_list":{"0":"post-583297","1":"post","2":"type-post","3":"status-publish","4":"format-standard","5":"has-post-thumbnail","7":"category-ukraine","8":"tag-actualite","9":"tag-actualites","10":"tag-aiea","11":"tag-donald-trump","12":"tag-drone","13":"tag-emmanuel-macron","14":"tag-etats-unis","15":"tag-eu","16":"tag-europe","17":"tag-friedrich-merz","18":"tag-guerre-en-ukraine","19":"tag-jared-kushner","20":"tag-keir-starmer","21":"tag-monde","22":"tag-news","23":"tag-otan","24":"tag-russie","25":"tag-tchernobyl","26":"tag-ukraine","27":"tag-viktor-orban","28":"tag-vladimir-poutine","29":"tag-volodymyr-zelensky"},"share_on_mastodon":{"url":"https:\/\/pubeurope.com\/@fr\/115675815288902601","error":""},"_links":{"self":[{"href":"https:\/\/www.europesays.com\/fr\/wp-json\/wp\/v2\/posts\/583297","targetHints":{"allow":["GET"]}}],"collection":[{"href":"https:\/\/www.europesays.com\/fr\/wp-json\/wp\/v2\/posts"}],"about":[{"href":"https:\/\/www.europesays.com\/fr\/wp-json\/wp\/v2\/types\/post"}],"author":[{"embeddable":true,"href":"https:\/\/www.europesays.com\/fr\/wp-json\/wp\/v2\/users\/2"}],"replies":[{"embeddable":true,"href":"https:\/\/www.europesays.com\/fr\/wp-json\/wp\/v2\/comments?post=583297"}],"version-history":[{"count":0,"href":"https:\/\/www.europesays.com\/fr\/wp-json\/wp\/v2\/posts\/583297\/revisions"}],"wp:featuredmedia":[{"embeddable":true,"href":"https:\/\/www.europesays.com\/fr\/wp-json\/wp\/v2\/media\/583298"}],"wp:attachment":[{"href":"https:\/\/www.europesays.com\/fr\/wp-json\/wp\/v2\/media?parent=583297"}],"wp:term":[{"taxonomy":"category","embeddable":true,"href":"https:\/\/www.europesays.com\/fr\/wp-json\/wp\/v2\/categories?post=583297"},{"taxonomy":"post_tag","embeddable":true,"href":"https:\/\/www.europesays.com\/fr\/wp-json\/wp\/v2\/tags?post=583297"}],"curies":[{"name":"wp","href":"https:\/\/api.w.org\/{rel}","templated":true}]}}