{"id":583303,"date":"2025-12-07T02:03:16","date_gmt":"2025-12-07T02:03:16","guid":{"rendered":"https:\/\/www.europesays.com\/fr\/583303\/"},"modified":"2025-12-07T02:03:16","modified_gmt":"2025-12-07T02:03:16","slug":"du-bonheur-a-lunion-au-cauchemar-en-allemagne-tout-le-foot","status":"publish","type":"post","link":"https:\/\/www.europesays.com\/fr\/583303\/","title":{"rendered":"Du bonheur \u00e0 l&rsquo;Union au cauchemar en Allemagne &#8211; Tout le foot"},"content":{"rendered":"<p>La situation d&rsquo;Alexander Blessin en Allemagne est tr\u00e8s compliqu\u00e9e. L&rsquo;ancien entra\u00eeneur de l&rsquo;Union Saint-Gilloise restait sur une s\u00e9rie de&#8230; 0\/27 avec Sankt Pauli. <\/p>\n<p>C&rsquo;est une sacr\u00e9e s\u00e9rie que Sankt Pauli est parvenu \u00e0 arr\u00eater cet apr\u00e8s-midi. En effet, le club de Hambourg restait sur une incroyable s\u00e9rie de 9 d\u00e9faites d&rsquo;affil\u00e9e (0\/27), avant de se rendre au FC Cologne ce samedi apr\u00e8s-midi.<\/p>\n<p>\u00c0 Cologne, Sankt Pauli a stopp\u00e9 l&rsquo;h\u00e9morragie et obtenu un bon r\u00e9sultat sur papier (1-1), insuffisant pour quitter la zone rouge (Heidenheim reste 3 points devant) et probablement insuffisant pour enlever beaucoup de pression des \u00e9paules d&rsquo;<strong>Alexander Blessin<\/strong>.<\/p>\n<p>Blessin en difficult\u00e9\u00a0<\/p>\n<p>L&rsquo;ancien entra\u00eeneur de l&rsquo;Union Saint-Gilloise conna\u00eet en effet une p\u00e9riode tr\u00e8s difficile en Allemagne. \u00ab\u00a0Oui, neuf d\u00e9faites d&rsquo;affil\u00e9e, c&rsquo;est tr\u00e8s rare\u00a0\u00bb, reconnaissait-il avant le d\u00e9placement \u00e0 Cologne. \u00ab\u00a0Mais je n&rsquo;abandonne pas, l&rsquo;\u00e9quipe a toujours confiance en elle-m\u00eame\u00a0\u00bb.<\/p>\n<p>La saison pass\u00e9e, Blessin avait r\u00e9ussi \u00e0 d\u00e9crocher assez tranquillement le maintien en <a href=\"https:\/\/www.walfoot.be\/allemagne\/bundesliga\" target=\"_blank\" rel=\"noopener\">Bundesliga<\/a>. Mais cette saison, le deuxi\u00e8me club de Hambourg souffre.\u00a0<\/p>\n<p>Avec l&rsquo;USG, l&rsquo;entra\u00eeneur allemand connaissait pourtant le succ\u00e8s, comme il l&rsquo;avait connu \u00e0 la t\u00eate du KV Ostende. A l&rsquo;\u00e9poque, Blessin avait \u00e9t\u00e9 \u00e9lu Entra\u00eeneur de l&rsquo;ann\u00e9e en Jupiler Pro League, m\u00e9ritoirement ; s&rsquo;il venait \u00e0 prendre la porte \u00e0 Sankt Pauli, nul doute qu&rsquo;il trouverait chaussure \u00e0 son pied chez nous.\u00a0<\/p>\n","protected":false},"excerpt":{"rendered":"La situation d&rsquo;Alexander Blessin en Allemagne est tr\u00e8s compliqu\u00e9e. L&rsquo;ancien entra\u00eeneur de l&rsquo;Union Saint-Gilloise restait sur une s\u00e9rie&hellip;\n","protected":false},"author":2,"featured_media":583304,"comment_status":"","ping_status":"","sticky":false,"template":"","format":"standard","meta":{"footnotes":""},"categories":[1587],"tags":[11,672,1804,1805,1803,1777,674,1801,12,1802],"class_list":{"0":"post-583303","1":"post","2":"type-post","3":"status-publish","4":"format-standard","5":"has-post-thumbnail","7":"category-allemagne","8":"tag-actualites","9":"tag-allemagne","10":"tag-bundesrepublik-deutschland","11":"tag-de","12":"tag-deutschland","13":"tag-eu","14":"tag-europe","15":"tag-germany","16":"tag-news","17":"tag-republique-federale-dallemagne"},"share_on_mastodon":{"url":"https:\/\/pubeurope.com\/@fr\/115675830987098709","error":""},"_links":{"self":[{"href":"https:\/\/www.europesays.com\/fr\/wp-json\/wp\/v2\/posts\/583303","targetHints":{"allow":["GET"]}}],"collection":[{"href":"https:\/\/www.europesays.com\/fr\/wp-json\/wp\/v2\/posts"}],"about":[{"href":"https:\/\/www.europesays.com\/fr\/wp-json\/wp\/v2\/types\/post"}],"author":[{"embeddable":true,"href":"https:\/\/www.europesays.com\/fr\/wp-json\/wp\/v2\/users\/2"}],"replies":[{"embeddable":true,"href":"https:\/\/www.europesays.com\/fr\/wp-json\/wp\/v2\/comments?post=583303"}],"version-history":[{"count":0,"href":"https:\/\/www.europesays.com\/fr\/wp-json\/wp\/v2\/posts\/583303\/revisions"}],"wp:featuredmedia":[{"embeddable":true,"href":"https:\/\/www.europesays.com\/fr\/wp-json\/wp\/v2\/media\/583304"}],"wp:attachment":[{"href":"https:\/\/www.europesays.com\/fr\/wp-json\/wp\/v2\/media?parent=583303"}],"wp:term":[{"taxonomy":"category","embeddable":true,"href":"https:\/\/www.europesays.com\/fr\/wp-json\/wp\/v2\/categories?post=583303"},{"taxonomy":"post_tag","embeddable":true,"href":"https:\/\/www.europesays.com\/fr\/wp-json\/wp\/v2\/tags?post=583303"}],"curies":[{"name":"wp","href":"https:\/\/api.w.org\/{rel}","templated":true}]}}