{"id":583315,"date":"2025-12-07T02:10:23","date_gmt":"2025-12-07T02:10:23","guid":{"rendered":"https:\/\/www.europesays.com\/fr\/583315\/"},"modified":"2025-12-07T02:10:23","modified_gmt":"2025-12-07T02:10:23","slug":"volley-ball-larago-de-sete-retrouve-son-antre-de-beziers-en-vainqueur","status":"publish","type":"post","link":"https:\/\/www.europesays.com\/fr\/583315\/","title":{"rendered":"Volley-ball\u00a0: l\u2019Arago de S\u00e8te retrouve son antre de B\u00e9ziers en vainqueur"},"content":{"rendered":"<p>\n                                                                Apr\u00e8s la victoire 3-1\u00a0ce mardi \u00e0 Cannes, les S\u00e9tois re\u00e7oivent le Plessis-Robinson, ce samedi 6\u00a0d\u00e9cembre \u00e0 19\u00a0h\u00a030.\n                            <\/p>\n<p>La venue de Cannes en Coupe de France est un mauvais souvenir, celle des S\u00e9tois sur la C\u00f4te d\u2019Azur, en championnat, en sera un bon. Ce mardi soir, l\u2019Arago a d\u00e9croch\u00e9 une victoire en quatre sets qui lui a permis de consolider sa place dans le wagon des playoffs.<\/p>\n<p>De Leon laiss\u00e9 au repos pour une douleur au genou, Karlitzek est mont\u00e9 au cr\u00e9neau. Comme il l\u2019avait fait dix jours plus t\u00f4t contre Saint-Nazaire, l\u2019Allemand s\u2019est montr\u00e9 d\u00e9cisif avec notamment 21 points en attaque, assortis d\u2019un ace. \u00ab\u00a0Il a vraiment fait une belle prestation\u00a0\u00bb, confirme Fulvio Bertini. \u00ab\u00a0C\u2019est un joueur important pour nous. Il n\u2019\u00e9tait pas au top physiquement en d\u00e9but de saison, mais il a pris du rythme. Aujourd\u2019hui, il est \u00e0 fond, il est pr\u00eat, je n\u2019avais pas de doutes sur lui.\u00a0\u00bb<\/p>\n<p>La somme des d\u00e9tails<\/p>\n<p>Karlitzek n\u2019est bien s\u00fbr pas le seul facteur de r\u00e9ussite des S\u00e9tois, qui ont mis le curseur un peu plus haut dans la plupart des secteurs de jeu. \u00ab\u00a0La qualit\u00e9 de la r\u00e9ception a conditionn\u00e9 ce match\u00a0\u00bb, poursuit le coach s\u00e9tois. \u00ab\u00a0\u00c0 la diff\u00e9rence du match \u00e0 Toulouse, on a bien g\u00e9r\u00e9 les moments de transition, on n\u2019a jamais manqu\u00e9 un soutien, les passes faites apr\u00e8s des d\u00e9fenses sont toutes bien arriv\u00e9es. On a gard\u00e9 une bonne qualit\u00e9 de \u00ab\u00a0side out\u00a0\u00bb, \u00e7a a bien pay\u00e9. Les d\u00e9tails qui manquaient \u00e0 Toulouse \u00e9taient l\u00e0 cette fois.\u00a0\u00bb<\/p>\n<p>\u00c0 conserver pour la venue du Plessis-Robinson, \u00e9tonnant quatri\u00e8me avec sept victoires en neuf journ\u00e9es. \u00ab\u00a0C\u2019est une \u00e9quipe qui est pour l\u2019instant plus forte que nous. Ils ont une belle qualit\u00e9 de service, entre smash\u00e9 et flottant. Leur passeur a bien son \u00e9quipe en main, les connexions sont faites avec toute l\u2019\u00e9quipe\u2026 On va devoir jouer avec la mentalit\u00e9 n\u00e9cessaire lorsqu\u2019on n\u2019est pas favori.\u00a0\u00bb Maintenant que l\u2019Arago a go\u00fbt\u00e9 \u00e0 la victoire \u00e0 B\u00e9ziers, l\u2019envie d\u2019y retourner doit \u00eatre plus forte.<\/p>\n","protected":false},"excerpt":{"rendered":"Apr\u00e8s la victoire 3-1\u00a0ce mardi \u00e0 Cannes, les S\u00e9tois re\u00e7oivent le Plessis-Robinson, ce samedi 6\u00a0d\u00e9cembre \u00e0 19\u00a0h\u00a030. La&hellip;\n","protected":false},"author":2,"featured_media":583316,"comment_status":"","ping_status":"","sticky":false,"template":"","format":"standard","meta":{"footnotes":""},"categories":[1417],"tags":[1011,27,7089,14042,517,60,1470,1632,1469],"class_list":{"0":"post-583315","1":"post","2":"type-post","3":"status-publish","4":"format-standard","5":"has-post-thumbnail","7":"category-volley","8":"tag-fr","9":"tag-france","10":"tag-herault","11":"tag-sete","12":"tag-sport","13":"tag-sports","14":"tag-volley","15":"tag-volley-ball","16":"tag-volleyball"},"share_on_mastodon":{"url":"https:\/\/pubeurope.com\/@fr\/115675858549770699","error":""},"_links":{"self":[{"href":"https:\/\/www.europesays.com\/fr\/wp-json\/wp\/v2\/posts\/583315","targetHints":{"allow":["GET"]}}],"collection":[{"href":"https:\/\/www.europesays.com\/fr\/wp-json\/wp\/v2\/posts"}],"about":[{"href":"https:\/\/www.europesays.com\/fr\/wp-json\/wp\/v2\/types\/post"}],"author":[{"embeddable":true,"href":"https:\/\/www.europesays.com\/fr\/wp-json\/wp\/v2\/users\/2"}],"replies":[{"embeddable":true,"href":"https:\/\/www.europesays.com\/fr\/wp-json\/wp\/v2\/comments?post=583315"}],"version-history":[{"count":0,"href":"https:\/\/www.europesays.com\/fr\/wp-json\/wp\/v2\/posts\/583315\/revisions"}],"wp:featuredmedia":[{"embeddable":true,"href":"https:\/\/www.europesays.com\/fr\/wp-json\/wp\/v2\/media\/583316"}],"wp:attachment":[{"href":"https:\/\/www.europesays.com\/fr\/wp-json\/wp\/v2\/media?parent=583315"}],"wp:term":[{"taxonomy":"category","embeddable":true,"href":"https:\/\/www.europesays.com\/fr\/wp-json\/wp\/v2\/categories?post=583315"},{"taxonomy":"post_tag","embeddable":true,"href":"https:\/\/www.europesays.com\/fr\/wp-json\/wp\/v2\/tags?post=583315"}],"curies":[{"name":"wp","href":"https:\/\/api.w.org\/{rel}","templated":true}]}}