{"id":583320,"date":"2025-12-07T02:16:16","date_gmt":"2025-12-07T02:16:16","guid":{"rendered":"https:\/\/www.europesays.com\/fr\/583320\/"},"modified":"2025-12-07T02:16:16","modified_gmt":"2025-12-07T02:16:16","slug":"baptiste-huyet-signe-dans-une-continentale-actualite","status":"publish","type":"post","link":"https:\/\/www.europesays.com\/fr\/583320\/","title":{"rendered":"Baptiste Huyet signe dans une Continentale &#8211; Actualit\u00e9"},"content":{"rendered":"<p style=\"text-align: justify;\">Non-conserv\u00e9 par la ProTeam Unibet Tietema Rockets,\u00a0<strong><a href=\"https:\/\/www.directvelo.com\/coureur\/21245\/baptiste-huyet\" target=\"_blank\" rel=\"noopener\">Baptiste Huyet<\/a><\/strong> a retrouv\u00e9 une \u00e9quipe pour la saison 2026. Il s\u2019est engag\u00e9 <strong><a href=\"https:\/\/www.directvelo.com\/equipe\/1660\/bike-aid\" target=\"_blank\" rel=\"noopener\">avec la Continentale Bike Aid<\/a>.<\/strong><\/p>\n<p style=\"text-align: justify;\">Cette ann\u00e9e, il s\u2019est class\u00e9 12e de la Mercan&rsquo;Tour Classic Alpes-Maritimes (1.1) et 24e du Tour de Langkawi (2.Pro). L\u2019an pass\u00e9, il avait fini 9e du Tour de Haute-Autriche (2.2).<\/p>\n<p>Baptiste Huyet est pass\u00e9 professionnel en 2024 apr\u00e8s une saison r\u00e9ussie chez Bourg-en-Bresse Ain Cyclisme, avec notamment une 2e place au Championnat de France Amateurs de Cassel derri\u00e8re Killian Verschuren.<\/p>\n<p>Chez Bike Aid, il retrouvera <strong><a href=\"https:\/\/www.directvelo.com\/actualite\/124667\/une-continentale-pour-victor-vidal\" target=\"_blank\" rel=\"noopener\">son compatriote Victor Vidal<\/a>.<\/strong><\/p>\n<p>Retrouvez tous les transferts de l&rsquo;intersaison 2025-2026\u00a0<strong><a href=\"https:\/\/www.directvelo.com\/mutations\/2026#pro-conti\" target=\"_blank\" rel=\"noopener\">en cliquant ici<\/a><\/strong>.<\/p>\n","protected":false},"excerpt":{"rendered":"Non-conserv\u00e9 par la ProTeam Unibet Tietema Rockets,\u00a0Baptiste Huyet a retrouv\u00e9 une \u00e9quipe pour la saison 2026. Il s\u2019est&hellip;\n","protected":false},"author":2,"featured_media":583321,"comment_status":"","ping_status":"","sticky":false,"template":"","format":"standard","meta":{"footnotes":""},"categories":[1411],"tags":[834,828,836,829,837,827,83,826,824,823,1154,207,814,817,815,816,822,821,832,211,839,1011,27,820,818,819,835,831,830,833,838,60,212,208,825],"class_list":{"0":"post-583320","1":"post","2":"type-post","3":"status-publish","4":"format-standard","5":"has-post-thumbnail","7":"category-cyclisme","8":"tag-attaque","9":"tag-belgique","10":"tag-braquet","11":"tag-bretagne","12":"tag-chute","13":"tag-competition","14":"tag-coupe-de-france","15":"tag-coureur","16":"tag-course-cyclisme","17":"tag-course-cycliste","18":"tag-cycling","19":"tag-cyclisme","20":"tag-direct","21":"tag-direct-velo","22":"tag-directvelo","23":"tag-directvelo-com","24":"tag-epreuve","25":"tag-epreuve-cycliste","26":"tag-federation-francaise-de-cyclisme","27":"tag-ffc","28":"tag-flandres","29":"tag-fr","30":"tag-france","31":"tag-live","32":"tag-live-course","33":"tag-live-epreuve","34":"tag-peloton","35":"tag-radio-peloton","36":"tag-radio-tour","37":"tag-ravitaillement","38":"tag-relance","39":"tag-sports","40":"tag-uci","41":"tag-velo","42":"tag-velos"},"share_on_mastodon":{"url":"https:\/\/pubeurope.com\/@fr\/115675882166272352","error":""},"_links":{"self":[{"href":"https:\/\/www.europesays.com\/fr\/wp-json\/wp\/v2\/posts\/583320","targetHints":{"allow":["GET"]}}],"collection":[{"href":"https:\/\/www.europesays.com\/fr\/wp-json\/wp\/v2\/posts"}],"about":[{"href":"https:\/\/www.europesays.com\/fr\/wp-json\/wp\/v2\/types\/post"}],"author":[{"embeddable":true,"href":"https:\/\/www.europesays.com\/fr\/wp-json\/wp\/v2\/users\/2"}],"replies":[{"embeddable":true,"href":"https:\/\/www.europesays.com\/fr\/wp-json\/wp\/v2\/comments?post=583320"}],"version-history":[{"count":0,"href":"https:\/\/www.europesays.com\/fr\/wp-json\/wp\/v2\/posts\/583320\/revisions"}],"wp:featuredmedia":[{"embeddable":true,"href":"https:\/\/www.europesays.com\/fr\/wp-json\/wp\/v2\/media\/583321"}],"wp:attachment":[{"href":"https:\/\/www.europesays.com\/fr\/wp-json\/wp\/v2\/media?parent=583320"}],"wp:term":[{"taxonomy":"category","embeddable":true,"href":"https:\/\/www.europesays.com\/fr\/wp-json\/wp\/v2\/categories?post=583320"},{"taxonomy":"post_tag","embeddable":true,"href":"https:\/\/www.europesays.com\/fr\/wp-json\/wp\/v2\/tags?post=583320"}],"curies":[{"name":"wp","href":"https:\/\/api.w.org\/{rel}","templated":true}]}}