{"id":583322,"date":"2025-12-07T02:17:11","date_gmt":"2025-12-07T02:17:11","guid":{"rendered":"https:\/\/www.europesays.com\/fr\/583322\/"},"modified":"2025-12-07T02:17:11","modified_gmt":"2025-12-07T02:17:11","slug":"linter-miami-et-lionel-messi-sacres-champions-en-mls-mls-finale-inter-miami-whitecaps-de-vancouver-3-1","status":"publish","type":"post","link":"https:\/\/www.europesays.com\/fr\/583322\/","title":{"rendered":"L\u2019Inter Miami et Lionel Messi sacr\u00e9s champions en MLS ! &#8211; MLS &#8211; Finale &#8211; Inter Miami-Whitecaps de Vancouver (3-1)"},"content":{"rendered":"<p data-start=\"123\" data-end=\"641\">Le r\u00eave am\u00e9ricain.<\/p>\n<p>On appelle \u00e7a une fin de carri\u00e8re en kif total. Parti \u00e0 l\u2019Inter Miami au printemps 2023, et rejoint depuis lors par ses anciens potes du Bar\u00e7a, Lionel Messi a ajout\u00e9 une nouvelle ligne \u00e0 son palmar\u00e8s en permettant \u00e0 la franchise, cr\u00e9\u00e9e en 2020, de remporter le tout premier titre de champion des \u00c9tats-Unis de son histoire. En finale de MLS ce samedi, <strong>les Floridiens ont domin\u00e9 les Whitecaps de Vancouver de Thomas M\u00fcller<\/strong> (3-1).<\/p>\n<blockquote class=\"twitter-tweet-lazy\" data-media-max-width=\"560\">\n<p dir=\"ltr\" lang=\"en\">THE MOMENT INTER MIAMI BECAME MLS CUP CHAMPS \ud83c\udfc6<\/p>\n<p>(via <a target=\"_blank\" href=\"https:\/\/twitter.com\/MLS?ref_src=twsrc%5Etfw\" rel=\"noopener\">@MLS<\/a> on Apple TV) <a target=\"_blank\" href=\"https:\/\/t.co\/5nrKaXlQez\">pic.twitter.com\/5nrKaXlQez<\/a><\/p>\n<p>\u2014 ESPN FC (@ESPNFC) <a target=\"_blank\" href=\"https:\/\/twitter.com\/ESPNFC\/status\/1997423047955947753?ref_src=twsrc%5Etfw\" rel=\"noopener\">December 6, 2025<\/a><\/p>\n<\/blockquote>\n<p>\u00c9dier Ocampo avait rapidement mis les Canadiens dans la mouise en inscrivant un but contre son camp en d\u00e9but de match (1-0, 8e). Si Ali Ahmed a \u00e9galis\u00e9 \u00e0 l\u2019heure de jeu (1-1, 60e), Rodrigo De Paul a redonn\u00e9 l\u2019avantage \u00e0 l\u2019Inter Miami quelques minutes plus tard (2-1, 71e), avant que Thiago Allende ne scelle la victoire dans le temps additionnel (3-1, 90e+6).<\/p>\n<p>Place aux vacances d\u00e9sormais pour Leo et ses potes !<\/p>\n<p>\t\t\t\t\t\t\t\t\t\t<a class=\"lien-connexe\" href=\"https:\/\/www.sofoot.com\/breves\/coupe-des-champions-de-la-concacaf-linter-miami-de-messi-elimine\" target=\"_blank\" rel=\"noopener\">Coupe des champions de la CONCACAF\u202f: L\u2019Inter Miami de Messi \u00e9limin\u00e9<\/a>\t\t\t\t\t<script async src=\"https:\/\/platform.twitter.com\/widgets.js\" charset=\"utf-8\"><\/script><\/p>\n","protected":false},"excerpt":{"rendered":"Le r\u00eave am\u00e9ricain. On appelle \u00e7a une fin de carri\u00e8re en kif total. Parti \u00e0 l\u2019Inter Miami au&hellip;\n","protected":false},"author":2,"featured_media":583323,"comment_status":"","ping_status":"","sticky":false,"template":"","format":"standard","meta":{"footnotes":""},"categories":[1410],"tags":[47,61,69,65,64,63,1011,27,68,66,62,70,67,60],"class_list":{"0":"post-583322","1":"post","2":"type-post","3":"status-publish","4":"format-standard","5":"has-post-thumbnail","7":"category-football","8":"tag-actualite","9":"tag-actus-football","10":"tag-bundesliga","11":"tag-championnats-europeens","12":"tag-equipe-de-france","13":"tag-football","14":"tag-fr","15":"tag-france","16":"tag-ligua","17":"tag-ligue-1","18":"tag-news-foot","19":"tag-premier-league","20":"tag-serie-a","21":"tag-sports"},"share_on_mastodon":{"url":"https:\/\/pubeurope.com\/@fr\/115675886047357226","error":""},"_links":{"self":[{"href":"https:\/\/www.europesays.com\/fr\/wp-json\/wp\/v2\/posts\/583322","targetHints":{"allow":["GET"]}}],"collection":[{"href":"https:\/\/www.europesays.com\/fr\/wp-json\/wp\/v2\/posts"}],"about":[{"href":"https:\/\/www.europesays.com\/fr\/wp-json\/wp\/v2\/types\/post"}],"author":[{"embeddable":true,"href":"https:\/\/www.europesays.com\/fr\/wp-json\/wp\/v2\/users\/2"}],"replies":[{"embeddable":true,"href":"https:\/\/www.europesays.com\/fr\/wp-json\/wp\/v2\/comments?post=583322"}],"version-history":[{"count":0,"href":"https:\/\/www.europesays.com\/fr\/wp-json\/wp\/v2\/posts\/583322\/revisions"}],"wp:featuredmedia":[{"embeddable":true,"href":"https:\/\/www.europesays.com\/fr\/wp-json\/wp\/v2\/media\/583323"}],"wp:attachment":[{"href":"https:\/\/www.europesays.com\/fr\/wp-json\/wp\/v2\/media?parent=583322"}],"wp:term":[{"taxonomy":"category","embeddable":true,"href":"https:\/\/www.europesays.com\/fr\/wp-json\/wp\/v2\/categories?post=583322"},{"taxonomy":"post_tag","embeddable":true,"href":"https:\/\/www.europesays.com\/fr\/wp-json\/wp\/v2\/tags?post=583322"}],"curies":[{"name":"wp","href":"https:\/\/api.w.org\/{rel}","templated":true}]}}