{"id":583324,"date":"2025-12-07T02:18:15","date_gmt":"2025-12-07T02:18:15","guid":{"rendered":"https:\/\/www.europesays.com\/fr\/583324\/"},"modified":"2025-12-07T02:18:15","modified_gmt":"2025-12-07T02:18:15","slug":"miss-france-2026-a-la-decouverte-de-hinaupoko-deveze-notre-nouvelle-reine","status":"publish","type":"post","link":"https:\/\/www.europesays.com\/fr\/583324\/","title":{"rendered":"Miss France 2026 : \u00e0 la d\u00e9couverte de Hinaupoko Dev\u00e8ze, notre nouvelle reine"},"content":{"rendered":"<p class=\"mb-4 text-lg md:leading-8 break-words\">Le d\u00e9but de r\u00e8gne de miss France 2026 a d\u00e9but\u00e9 sur la sc\u00e8ne du <a data-i13n=\"cpos:1;pos:1\" href=\"https:\/\/www.parismatch.com\/People\/quand-et-ou-aura-lieu-la-prochaine-election-de-miss-france-257962\" rel=\"nofollow noopener\" target=\"_blank\" data-ylk=\"slk:Z\u00e9nith d\u2019Amiens;cpos:1;pos:1;elm:context_link;itc:0;sec:content-canvas\" class=\"link \"> Z\u00e9nith d\u2019Amiens<\/a>. \u00c0g\u00e9e de 23 ans, Hinaupoko C\u00e9line Deveze, miss Tahiti 2025, est devenue miss France 2026. Favorite avant l&rsquo;\u00e9mission &#8211; elle figurait dans notre top 5 -, elle a survol\u00e9 le concours, par sa grande taille (1m82) mais surtout par son \u00e9l\u00e9gance.<\/p>\n<p class=\"mb-4 text-lg md:leading-8 break-words\">M\u00e9tisse d\u2019origine marquisienne par sa m\u00e8re et fran\u00e7aise par mon p\u00e8re, native de Papeete, elle a grandi entre la Polyn\u00e9sie fran\u00e7aise et le sud de la France. \u00ab Je suis rentr\u00e9e en Polyn\u00e9sie il y a plus de deux ans pour renouer avec mes racines. A mon retour, j\u2019ai eu l\u2019opportunit\u00e9 de travailler dans une entreprise touristique pour laquelle j\u2019\u00e9tais secr\u00e9taire administrative et organisatrice de s\u00e9jour \u00e9co-responsable \u00e0 destination des \u00eeles Marquises \u00bb, a confi\u00e9 celle qui a fr\u00f4l\u00e9 le burn-out pendant le confinement d\u00fb \u00e0 la pand\u00e9mie de Covid-19.<\/p>\n<p class=\"mb-4 text-lg md:leading-8 break-words\">\u00c0 lire aussi <a data-i13n=\"cpos:2;pos:1\" href=\"https:\/\/www.parismatch.com\/People\/miss-france-2026-les-candidates-defilent-en-maillots-de-bain-261234\" rel=\"nofollow noopener\" target=\"_blank\" data-ylk=\"slk:Miss France 2026 : les candidates d\u00e9filent en maillots de bain;cpos:2;pos:1;elm:context_link;itc:0;sec:content-canvas\" class=\"link \">Miss France 2026 : les candidates d\u00e9filent en maillots de bain<\/a><\/p>\n<p>\u00ab La France est un peuple ouvert au monde \u00bb<\/p>\n<p class=\"mb-4 text-lg md:leading-8 break-words\">C&rsquo;est d&rsquo;ailleurs le th\u00e8me de la sant\u00e9 mentale qu&rsquo;elle veut mettre en avant. \u00ab Trop souvent n\u00e9glig\u00e9e ou stigmatis\u00e9e, elle est pourtant aussi essentielle que la sant\u00e9 physique. Prendre soin de soi mentalement, c\u2019est aussi se donner le droit de se reposer, de parler, de demander de l\u2019aide sans honte ni peur d\u2019\u00eatre jug\u00e9. Je souhaite v\u00e9hiculer de belles valeurs comme la bienveillance, l\u2019empathie et promouvoir l\u2019\u00e9coute, l\u2019\u00e9ducation et l\u2019acc\u00e8s \u00e0 des ressources pour toutes et tous.\u00bb. Elle a fait des \u00e9tudes de &#8230;<\/p>\n<p class=\"mb-4 text-lg md:leading-8 break-words\"><a data-i13n=\"cpos:3;pos:1\" href=\"https:\/\/www.parismatch.com\/People\/miss-france-2026-a-la-decouverte-de-hinaupoko-deveze-notre-nouvelle-reine-261240?at_medium=affiliate&amp;at_campaign=Yahoo\" rel=\"nofollow noopener\" target=\"_blank\" data-ylk=\"slk:Lire la suite sur ParisMatch;cpos:3;pos:1;elm:context_link;itc:0;sec:content-canvas\" class=\"link \">Lire la suite sur ParisMatch<\/a><\/p>\n","protected":false},"excerpt":{"rendered":"Le d\u00e9but de r\u00e8gne de miss France 2026 a d\u00e9but\u00e9 sur la sc\u00e8ne du Z\u00e9nith d\u2019Amiens. \u00c0g\u00e9e de&hellip;\n","protected":false},"author":2,"featured_media":583325,"comment_status":"","ping_status":"","sticky":false,"template":"","format":"standard","meta":{"footnotes":""},"categories":[1359],"tags":[58,59,1011,27,69675,69674,3034,973],"class_list":{"0":"post-583324","1":"post","2":"type-post","3":"status-publish","4":"format-standard","5":"has-post-thumbnail","7":"category-people","8":"tag-divertissement","9":"tag-entertainment","10":"tag-fr","11":"tag-france","12":"tag-la-polynesie-francaise","13":"tag-maillots-de-bain","14":"tag-miss-france","15":"tag-people"},"share_on_mastodon":{"url":"https:\/\/pubeurope.com\/@fr\/115675889948977815","error":""},"_links":{"self":[{"href":"https:\/\/www.europesays.com\/fr\/wp-json\/wp\/v2\/posts\/583324","targetHints":{"allow":["GET"]}}],"collection":[{"href":"https:\/\/www.europesays.com\/fr\/wp-json\/wp\/v2\/posts"}],"about":[{"href":"https:\/\/www.europesays.com\/fr\/wp-json\/wp\/v2\/types\/post"}],"author":[{"embeddable":true,"href":"https:\/\/www.europesays.com\/fr\/wp-json\/wp\/v2\/users\/2"}],"replies":[{"embeddable":true,"href":"https:\/\/www.europesays.com\/fr\/wp-json\/wp\/v2\/comments?post=583324"}],"version-history":[{"count":0,"href":"https:\/\/www.europesays.com\/fr\/wp-json\/wp\/v2\/posts\/583324\/revisions"}],"wp:featuredmedia":[{"embeddable":true,"href":"https:\/\/www.europesays.com\/fr\/wp-json\/wp\/v2\/media\/583325"}],"wp:attachment":[{"href":"https:\/\/www.europesays.com\/fr\/wp-json\/wp\/v2\/media?parent=583324"}],"wp:term":[{"taxonomy":"category","embeddable":true,"href":"https:\/\/www.europesays.com\/fr\/wp-json\/wp\/v2\/categories?post=583324"},{"taxonomy":"post_tag","embeddable":true,"href":"https:\/\/www.europesays.com\/fr\/wp-json\/wp\/v2\/tags?post=583324"}],"curies":[{"name":"wp","href":"https:\/\/api.w.org\/{rel}","templated":true}]}}