{"id":583326,"date":"2025-12-07T02:19:39","date_gmt":"2025-12-07T02:19:39","guid":{"rendered":"https:\/\/www.europesays.com\/fr\/583326\/"},"modified":"2025-12-07T02:19:39","modified_gmt":"2025-12-07T02:19:39","slug":"reichsfeld-deux-belles-soeurs-lancent-maison-primavera-et-veulent-reinventer-le-design-alsacien-dinterieur","status":"publish","type":"post","link":"https:\/\/www.europesays.com\/fr\/583326\/","title":{"rendered":"Reichsfeld. Deux belles-s\u0153urs lancent \u201cMaison primavera\u201d et veulent r\u00e9inventer le design alsacien d\u2019int\u00e9rieur"},"content":{"rendered":"<p>Mathilde et Marine Bagnuls, deux belles-s\u0153urs dans la trentaine, install\u00e9es pr\u00e8s de Saint-Di\u00e9-des-Vosges pour la premi\u00e8re, \u00e0 Reichsfeld pour la seconde, se sont associ\u00e9es au printemps 2024 pour cr\u00e9er leur entreprise de linge de maison et de vaisselle artisanale aux motifs alsaciens. Des produits trouvables notamment en ligne, sur leur site internet. Elles visent une client\u00e8le ais\u00e9e avec \u00ab\u00a0des produits de haut de gamme, de qualit\u00e9 et qui durent\u00a0\u00bb.<\/p>\n<p>Maison primavera a pu voir le jour gr\u00e2ce \u00e0 un financement participatif qui a permis de lever pr\u00e8s de 10\u00a0000\u00a0\u20ac aupr\u00e8s de 113&#8230;<\/p>\n","protected":false},"excerpt":{"rendered":"Mathilde et Marine Bagnuls, deux belles-s\u0153urs dans la trentaine, install\u00e9es pr\u00e8s de Saint-Di\u00e9-des-Vosges pour la premi\u00e8re, \u00e0 Reichsfeld&hellip;\n","protected":false},"author":2,"featured_media":583327,"comment_status":"","ping_status":"","sticky":false,"template":"","format":"standard","meta":{"footnotes":""},"categories":[1358],"tags":[1477,1348,1384,1385,26193,4406,130,1386,58,33,3143,59,107,1011,27,69676,4604],"class_list":{"0":"post-583326","1":"post","2":"type-post","3":"status-publish","4":"format-standard","5":"has-post-thumbnail","7":"category-arts-et-design","8":"tag-artisanat","9":"tag-arts","10":"tag-arts-and-design","11":"tag-arts-et-design","12":"tag-bernstein","13":"tag-commerce-et-services","14":"tag-consommation","15":"tag-design","16":"tag-divertissement","17":"tag-economie","18":"tag-edition-selestat-erstein","19":"tag-entertainment","20":"tag-fil-info","21":"tag-fr","22":"tag-france","23":"tag-reichsfeld","24":"tag-selection-abonne"},"share_on_mastodon":{"url":"https:\/\/pubeurope.com\/@fr\/115675893798677669","error":""},"_links":{"self":[{"href":"https:\/\/www.europesays.com\/fr\/wp-json\/wp\/v2\/posts\/583326","targetHints":{"allow":["GET"]}}],"collection":[{"href":"https:\/\/www.europesays.com\/fr\/wp-json\/wp\/v2\/posts"}],"about":[{"href":"https:\/\/www.europesays.com\/fr\/wp-json\/wp\/v2\/types\/post"}],"author":[{"embeddable":true,"href":"https:\/\/www.europesays.com\/fr\/wp-json\/wp\/v2\/users\/2"}],"replies":[{"embeddable":true,"href":"https:\/\/www.europesays.com\/fr\/wp-json\/wp\/v2\/comments?post=583326"}],"version-history":[{"count":0,"href":"https:\/\/www.europesays.com\/fr\/wp-json\/wp\/v2\/posts\/583326\/revisions"}],"wp:featuredmedia":[{"embeddable":true,"href":"https:\/\/www.europesays.com\/fr\/wp-json\/wp\/v2\/media\/583327"}],"wp:attachment":[{"href":"https:\/\/www.europesays.com\/fr\/wp-json\/wp\/v2\/media?parent=583326"}],"wp:term":[{"taxonomy":"category","embeddable":true,"href":"https:\/\/www.europesays.com\/fr\/wp-json\/wp\/v2\/categories?post=583326"},{"taxonomy":"post_tag","embeddable":true,"href":"https:\/\/www.europesays.com\/fr\/wp-json\/wp\/v2\/tags?post=583326"}],"curies":[{"name":"wp","href":"https:\/\/api.w.org\/{rel}","templated":true}]}}