{"id":583328,"date":"2025-12-07T02:21:30","date_gmt":"2025-12-07T02:21:30","guid":{"rendered":"https:\/\/www.europesays.com\/fr\/583328\/"},"modified":"2025-12-07T02:21:30","modified_gmt":"2025-12-07T02:21:30","slug":"plus-belle-la-vie-spoiler-apolline-demasque-alice-video-episode-du-10-decembre","status":"publish","type":"post","link":"https:\/\/www.europesays.com\/fr\/583328\/","title":{"rendered":"Plus Belle La Vie spoiler : Apolline d\u00e9masque Alice ! (vid\u00e9o \u00e9pisode du 10 d\u00e9cembre)"},"content":{"rendered":"<p>\nPublicit\u00e9<\/p>\n<p><strong>Plus belle la vie, encore plus belle spoiler \u2013<\/strong> Apolline reste sur ses gardes au cabinet d\u2019Alice Bataille dans votre s\u00e9rie quotidienne de TF1 <a href=\"https:\/\/www.plusbellelavie.org\/category\/pblv\/\" target=\"_blank\" rel=\"noopener\">\u00ab\u00a0Plus belle la vie, encore plus belle\u00a0\u00bb<\/a>. Dans quelques jours, encore loin d\u2019imaginer qu\u2019Alice a pirat\u00e9 son ordinateur pour d\u00e9rober des donn\u00e9es confidentielles sur les Kepler, elle va faire une d\u00e9couverte capitale\u2026<\/p>\n<p><img fetchpriority=\"high\" decoding=\"async\" src=\"https:\/\/www.europesays.com\/fr\/wp-content\/uploads\/2025\/12\/pblv-apochocalice.jpg\" alt=\"Plus Belle La Vie spoiler : Apolline d\u00e9masque Alice ! (vid\u00e9o \u00e9pisode du 10 d\u00e9cembre)\" width=\"1200\" height=\"587\" class=\"size-full wp-image-22758\"  \/>Capture TF1<\/p>\n<p>\nPublicit\u00e9<\/p>\n<p>Au cabinet, Alice prend un appel devant Apolline, qui fait mine de travailler. En r\u00e9alit\u00e9, elle \u00e9coute ce que dit Alice. Quand celle-ci s\u2019en va pour \u00ab\u00a0une urgence\u00a0\u00bb, Apolline en profite pour mener son enqu\u00eate.<\/p>\n<p>Elle a vu Alice griffonner sur une bloc note. Elle va donc passer du crayon de papier afin de faire apparaitre ce qui a \u00e9t\u00e9 \u00e9crit\u2026 Elle d\u00e9couvre \u00ab\u00a0Oktalis, 500K\u00a0\u00bb. Apolline d\u00e9couvre qu\u2019Alice pr\u00e9pare quelque chose en lien avec Vanessa Kepler, qui est actionnaire de cette soci\u00e9t\u00e9.<\/p>\n<p>\nPublicit\u00e9<\/p>\n<p>Que va faire Apolline de cette information ?<\/p>\n<p>Plus belle la vie, encore plus belle spoiler extrait vid\u00e9o \u00e9pisode 482 du 10 d\u00e9cembre 2025<\/p>\n<p>Retrouver la vid\u00e9o de cette s\u00e9quence en avance directement sur TF1+ <a href=\"https:\/\/www.tf1.fr\/tf1\/plus-belle-la-vie\/videos\/pblvepb-spoiler-apolline-surveille-maitre-bataille-87950977.html\" rel=\"noopener\" target=\"_blank\">en cliquant ici<\/a>.<\/p>\n","protected":false},"excerpt":{"rendered":"Publicit\u00e9 Plus belle la vie, encore plus belle spoiler \u2013 Apolline reste sur ses gardes au cabinet d\u2019Alice&hellip;\n","protected":false},"author":2,"featured_media":583329,"comment_status":"","ping_status":"","sticky":false,"template":"","format":"standard","meta":{"footnotes":""},"categories":[1356],"tags":[58,59,1011,27,69677,69678,252,1364],"class_list":{"0":"post-583328","1":"post","2":"type-post","3":"status-publish","4":"format-standard","5":"has-post-thumbnail","7":"category-television","8":"tag-divertissement","9":"tag-entertainment","10":"tag-fr","11":"tag-france","12":"tag-pblv","13":"tag-pblvepb","14":"tag-television","15":"tag-tv"},"share_on_mastodon":{"url":"https:\/\/pubeurope.com\/@fr\/115675902363594110","error":""},"_links":{"self":[{"href":"https:\/\/www.europesays.com\/fr\/wp-json\/wp\/v2\/posts\/583328","targetHints":{"allow":["GET"]}}],"collection":[{"href":"https:\/\/www.europesays.com\/fr\/wp-json\/wp\/v2\/posts"}],"about":[{"href":"https:\/\/www.europesays.com\/fr\/wp-json\/wp\/v2\/types\/post"}],"author":[{"embeddable":true,"href":"https:\/\/www.europesays.com\/fr\/wp-json\/wp\/v2\/users\/2"}],"replies":[{"embeddable":true,"href":"https:\/\/www.europesays.com\/fr\/wp-json\/wp\/v2\/comments?post=583328"}],"version-history":[{"count":0,"href":"https:\/\/www.europesays.com\/fr\/wp-json\/wp\/v2\/posts\/583328\/revisions"}],"wp:featuredmedia":[{"embeddable":true,"href":"https:\/\/www.europesays.com\/fr\/wp-json\/wp\/v2\/media\/583329"}],"wp:attachment":[{"href":"https:\/\/www.europesays.com\/fr\/wp-json\/wp\/v2\/media?parent=583328"}],"wp:term":[{"taxonomy":"category","embeddable":true,"href":"https:\/\/www.europesays.com\/fr\/wp-json\/wp\/v2\/categories?post=583328"},{"taxonomy":"post_tag","embeddable":true,"href":"https:\/\/www.europesays.com\/fr\/wp-json\/wp\/v2\/tags?post=583328"}],"curies":[{"name":"wp","href":"https:\/\/api.w.org\/{rel}","templated":true}]}}