{"id":58333,"date":"2025-04-28T03:55:09","date_gmt":"2025-04-28T03:55:09","guid":{"rendered":"https:\/\/www.europesays.com\/fr\/58333\/"},"modified":"2025-04-28T03:55:09","modified_gmt":"2025-04-28T03:55:09","slug":"allemagne-une-romanciere-a-succes-retrouvee-morte-sur-sa-peniche-a-hambourg","status":"publish","type":"post","link":"https:\/\/www.europesays.com\/fr\/58333\/","title":{"rendered":"Allemagne : une romanci\u00e8re \u00e0 succ\u00e8s retrouv\u00e9e morte sur sa p\u00e9niche \u00e0 Hambourg"},"content":{"rendered":"<p>La romanci\u00e8re allemande Alexandra Fr\u00f6hlich a \u00e9t\u00e9 retrouv\u00e9e morte le 22 avril.La piste criminelle est privil\u00e9gi\u00e9e apr\u00e8s la d\u00e9couverte du corps sur une p\u00e9niche.<\/p>\n<p data-module=\"article-paragraph\" class=\"jsx-362436225 Paragraph Paragraph__End\">Qu&rsquo;est-il arriv\u00e9 \u00e0 Alexandra Fr\u00f6hlich ?\u00a0Si son nom n&rsquo;est pas familier en France, il est notoirement connu outre-Rhin : c&rsquo;est celui d&rsquo;une autrice de romans \u00e0 succ\u00e8s, class\u00e9s parmi les plus lus du pays. Son corps sans vie a \u00e9t\u00e9 retrouv\u00e9 par son fils au matin du 22 avril, sur la p\u00e9niche o\u00f9 elle vivait \u00e0 Hambourg.\u00a0<\/p>\n<p>Un coup de feu vers 1h30<\/p>\n<p data-module=\"article-paragraph\" class=\"jsx-362436225 Paragraph\">\u00ab\u00a0Selon les informations actuelles, les proches ont trouv\u00e9 la femme de 58 ans sans vie sur sa p\u00e9niche et ont alert\u00e9 les pompiers, qui n&rsquo;ont pu que confirmer le d\u00e9c\u00e8s de la femme\u00a0\u00bb, a indiqu\u00e9 mardi un porte-parole de la police de Hambourg. La presse allemande rapporte que la victime a \u00e9t\u00e9 tu\u00e9e par balles, ouvrant \u00e0 des investigations plus pouss\u00e9es. Un examen minutieux de la p\u00e9niche a \u00e9t\u00e9 men\u00e9 apr\u00e8s la d\u00e9couverte du corps, avec l&rsquo;utilisation d&rsquo;un scanner 3D ou des recherches effectu\u00e9es par des plongeurs aux abords du bateau.<\/p>\n<p data-module=\"article-paragraph\" class=\"jsx-362436225 Paragraph Paragraph__End\">Comme l&rsquo;a <a href=\"https:\/\/www.bild.de\/regional\/hamburg\/bestseller-autorin-in-hamburg-auf-hausboot-getoetet-der-schuss-fiel-wohl-um-1-30-uhr-680e17b0d40b10440c2a1cff\" target=\"_blank\" rel=\"nofollow noopener\">r\u00e9v\u00e9l\u00e9 Bild (nouvelle fen\u00eatre)<\/a>, un coup de feu aurait \u00e9t\u00e9 entendu vers 1h30 du matin, mais ce n&rsquo;est que vers 5h30 que l&rsquo;un des trois fils d&rsquo;Alexandra Fr\u00f6hlich l&rsquo;aurait d\u00e9couverte et alert\u00e9 la police. Selon <a href=\"https:\/\/www.20min.ch\/story\/auf-hausboot-ermordet-tod-von-alexandra-froehlich-verwandter-im-visier-der-polizei-103332781\" target=\"_blank\" rel=\"nofollow noopener\">20 Minuten (nouvelle fen\u00eatre)<\/a>, les soup\u00e7ons des enqu\u00eateurs se portent vers l&rsquo;entourage de la romanci\u00e8re. Les circonstances exactes de sa mort n&rsquo;ont pas \u00e9t\u00e9 d\u00e9voil\u00e9es par la police, ni par le parquet de Hambourg.<\/p>\n<p data-module=\"article-paragraph\" class=\"jsx-362436225 Paragraph Paragraph__End\">Alexandra Fr\u00f6hlich \u00e9tait une ancienne journaliste ayant d\u00e9but\u00e9 sa carri\u00e8re en Ukraine, puis s&rsquo;\u00e9tant mise \u00e0 la fiction. Sorti en 2012, son roman \u00ab\u00a0Ma belle-m\u00e8re russe et autres catastrophes\u00a0\u00bb, inspir\u00e9 de sa propre histoire, s&rsquo;est vendu \u00e0 plus de 50.000 exemplaires et a \u00e9t\u00e9 class\u00e9 pendant des mois parmi les best-sellers du magazine Der Spiegel.<\/p>\n<p>Caroline QUEVRAIN<\/p>\n","protected":false},"excerpt":{"rendered":"La romanci\u00e8re allemande Alexandra Fr\u00f6hlich a \u00e9t\u00e9 retrouv\u00e9e morte le 22 avril.La piste criminelle est privil\u00e9gi\u00e9e apr\u00e8s la&hellip;\n","protected":false},"author":2,"featured_media":58334,"comment_status":"","ping_status":"","sticky":false,"template":"","format":"standard","meta":{"footnotes":""},"categories":[1587],"tags":[1111,11,672,1921,1804,1805,1803,1777,674,1801,1922,12,1802,133,1920],"class_list":{"0":"post-58333","1":"post","2":"type-post","3":"status-publish","4":"format-standard","5":"has-post-thumbnail","7":"category-allemagne","8":"tag-actu","9":"tag-actualites","10":"tag-allemagne","11":"tag-article-video","12":"tag-bundesrepublik-deutschland","13":"tag-de","14":"tag-deutschland","15":"tag-eu","16":"tag-europe","17":"tag-germany","18":"tag-info","19":"tag-news","20":"tag-republique-federale-dallemagne","21":"tag-video","22":"tag-video-international"},"share_on_mastodon":{"url":"https:\/\/pubeurope.com\/@fr\/114413576068001719","error":""},"_links":{"self":[{"href":"https:\/\/www.europesays.com\/fr\/wp-json\/wp\/v2\/posts\/58333","targetHints":{"allow":["GET"]}}],"collection":[{"href":"https:\/\/www.europesays.com\/fr\/wp-json\/wp\/v2\/posts"}],"about":[{"href":"https:\/\/www.europesays.com\/fr\/wp-json\/wp\/v2\/types\/post"}],"author":[{"embeddable":true,"href":"https:\/\/www.europesays.com\/fr\/wp-json\/wp\/v2\/users\/2"}],"replies":[{"embeddable":true,"href":"https:\/\/www.europesays.com\/fr\/wp-json\/wp\/v2\/comments?post=58333"}],"version-history":[{"count":0,"href":"https:\/\/www.europesays.com\/fr\/wp-json\/wp\/v2\/posts\/58333\/revisions"}],"wp:featuredmedia":[{"embeddable":true,"href":"https:\/\/www.europesays.com\/fr\/wp-json\/wp\/v2\/media\/58334"}],"wp:attachment":[{"href":"https:\/\/www.europesays.com\/fr\/wp-json\/wp\/v2\/media?parent=58333"}],"wp:term":[{"taxonomy":"category","embeddable":true,"href":"https:\/\/www.europesays.com\/fr\/wp-json\/wp\/v2\/categories?post=58333"},{"taxonomy":"post_tag","embeddable":true,"href":"https:\/\/www.europesays.com\/fr\/wp-json\/wp\/v2\/tags?post=58333"}],"curies":[{"name":"wp","href":"https:\/\/api.w.org\/{rel}","templated":true}]}}