{"id":583330,"date":"2025-12-07T02:22:15","date_gmt":"2025-12-07T02:22:15","guid":{"rendered":"https:\/\/www.europesays.com\/fr\/583330\/"},"modified":"2025-12-07T02:22:15","modified_gmt":"2025-12-07T02:22:15","slug":"actus-champagne-fm-accident-la-jeune-femme-grievement-blessee-a-succombe-a-ses-blessures","status":"publish","type":"post","link":"https:\/\/www.europesays.com\/fr\/583330\/","title":{"rendered":"Actus &#8211; Champagne FM &#8211; Accident : la jeune femme gri\u00e8vement bless\u00e9e a succomb\u00e9 \u00e0 ses blessures"},"content":{"rendered":"\n<p>Les routes de l\u2019Aube ont connu un nouveau drame, vendredi 5 d\u00e9cembre.<\/p>\n<p>Une femme de 23 ans est d\u00e9c\u00e9d\u00e9e quelques heures apr\u00e8s un accident. <\/p>\n<p>Alors qu\u2019elle circulait sur la RD 396, la jeune automobiliste a perdu la contr\u00f4le de sa voiture et violemment heurt\u00e9 un arbre \u00e0 hauteur de Brienne-la-Vieille.<\/p>\n<p>Transport\u00e9e en urgence absolue au CHU de Reims, elle a malheureusement succomb\u00e9 \u00e0 ses blessures en fin de journ\u00e9e. <\/p>\n<p>Selon le journal L\u2019Est Eclair, \u00ab\u00a0la victime \u00e9tait devenue maman il y a quatre mois\u00a0\u00bb. <\/p>\n<p>Une cellule d\u2019\u00e9coute sera mise en place d\u00e8s lundi matin au coll\u00e8ge Gaston-Bachelard de Bar-sur-Aube, o\u00f9 la jeune femme exer\u00e7ait en tant que surveillante.<\/p>\n<p>\u00a0<\/p>\n<p>!function(f,b,e,v,n,t,s)<br \/>\n{if(f.fbq)return;n=f.fbq=function(){n.callMethod?<br \/>\nn.callMethod.apply(n,arguments):n.queue.push(arguments)};<br \/>\nif(!f._fbq)f._fbq=n;n.push=n;n.loaded=!0;n.version=&rsquo;2.0&prime;;<br \/>\nn.queue=[];t=b.createElement(e);t.async=!0;<br \/>\nt.src=v;s=b.getElementsByTagName(e)[0];<br \/>\ns.parentNode.insertBefore(t,s)}(window, document,&rsquo;script&rsquo;,<br \/>\n&lsquo;https:\/\/connect.facebook.net\/en_US\/fbevents.js&rsquo;);<br \/>\nfbq(&lsquo;init&rsquo;, &lsquo;804989127308002&rsquo;);<br \/>\nfbq(&lsquo;track&rsquo;, &lsquo;PageView&rsquo;);<\/p>\n","protected":false},"excerpt":{"rendered":"Les routes de l\u2019Aube ont connu un nouveau drame, vendredi 5 d\u00e9cembre. Une femme de 23 ans est&hellip;\n","protected":false},"author":2,"featured_media":583331,"comment_status":"","ping_status":"","sticky":false,"template":"","format":"standard","meta":{"footnotes":""},"categories":[1355],"tags":[11,3723,65455,5591,52029,65464,65463,65459,58,59,65456,1011,27,876,38839,30237,37289,37290,1114,4537,23664,12650,1361,873,12,1825,4243,65457,65461,65462,65458,56304,1964,65460],"class_list":{"0":"post-583330","1":"post","2":"type-post","3":"status-publish","4":"format-standard","5":"has-post-thumbnail","7":"category-musique","8":"tag-actualites","9":"tag-actus","10":"tag-ardennes","11":"tag-aube","12":"tag-chalons","13":"tag-champagne-ardennes","14":"tag-champagne-fm","15":"tag-charleville-mezieres","16":"tag-divertissement","17":"tag-entertainment","18":"tag-epernay","19":"tag-fr","20":"tag-france","21":"tag-france-3","22":"tag-france-bleu","23":"tag-haute-marne","24":"tag-info-locale","25":"tag-info-regionale","26":"tag-infos","27":"tag-lunion","28":"tag-la-voix-du-nord","29":"tag-marne","30":"tag-music","31":"tag-musique","32":"tag-news","33":"tag-radio","34":"tag-reims","35":"tag-rethel","36":"tag-romilly","37":"tag-sainte-menehould","38":"tag-sedan","39":"tag-sezanne","40":"tag-troyes","41":"tag-vouziers"},"share_on_mastodon":{"url":"https:\/\/pubeurope.com\/@fr\/115675905833318330","error":""},"_links":{"self":[{"href":"https:\/\/www.europesays.com\/fr\/wp-json\/wp\/v2\/posts\/583330","targetHints":{"allow":["GET"]}}],"collection":[{"href":"https:\/\/www.europesays.com\/fr\/wp-json\/wp\/v2\/posts"}],"about":[{"href":"https:\/\/www.europesays.com\/fr\/wp-json\/wp\/v2\/types\/post"}],"author":[{"embeddable":true,"href":"https:\/\/www.europesays.com\/fr\/wp-json\/wp\/v2\/users\/2"}],"replies":[{"embeddable":true,"href":"https:\/\/www.europesays.com\/fr\/wp-json\/wp\/v2\/comments?post=583330"}],"version-history":[{"count":0,"href":"https:\/\/www.europesays.com\/fr\/wp-json\/wp\/v2\/posts\/583330\/revisions"}],"wp:featuredmedia":[{"embeddable":true,"href":"https:\/\/www.europesays.com\/fr\/wp-json\/wp\/v2\/media\/583331"}],"wp:attachment":[{"href":"https:\/\/www.europesays.com\/fr\/wp-json\/wp\/v2\/media?parent=583330"}],"wp:term":[{"taxonomy":"category","embeddable":true,"href":"https:\/\/www.europesays.com\/fr\/wp-json\/wp\/v2\/categories?post=583330"},{"taxonomy":"post_tag","embeddable":true,"href":"https:\/\/www.europesays.com\/fr\/wp-json\/wp\/v2\/tags?post=583330"}],"curies":[{"name":"wp","href":"https:\/\/api.w.org\/{rel}","templated":true}]}}