{"id":583339,"date":"2025-12-07T02:27:15","date_gmt":"2025-12-07T02:27:15","guid":{"rendered":"https:\/\/www.europesays.com\/fr\/583339\/"},"modified":"2025-12-07T02:27:15","modified_gmt":"2025-12-07T02:27:15","slug":"a-cause-dune-publicite-sur-son-frigo-connecte-samsung-elle-termine-a-lhopital-en-crise-de-schizophrenie-les-numeriques","status":"publish","type":"post","link":"https:\/\/www.europesays.com\/fr\/583339\/","title":{"rendered":"\u00c0 cause d&#039;une publicit\u00e9 sur son frigo connect\u00e9 Samsung, elle termine \u00e0 l&#039;h\u00f4pital en crise de schizophr\u00e9nie &#8211; Les Num\u00e9riques"},"content":{"rendered":"<ol>\n<li><a href=\"https:\/\/news.google.com\/rss\/articles\/CBMi-gFBVV95cUxNNzc5Yk95UUpKN1d4RE1GMWx6SExRR29sSjRZcy1famx4WHJIc1VDeDA0Mjhyci1KbFZCZUxmZzV2c1p0NEdlZ0lhNnlaN3JHcDNGQnpTcmI3Z3M2bkZYM3Z1ekowelpoWS1fOGRma1E1a3I1Z1FzZ01qMHdmRG9jODl5dXVLc3hnZ0dzX05UVGFjWlJadWp0V0NvVy1fVWJuWXhEelZJc1hRdUxBeDlzQ3Q4QkwyeHh0LVJ3WHVRSWlWemV3UlJXSTk4LXRxLUtqb1plVEVtNU5FNUptUlY5SU1OcW5WQ0JpTktwWGxQWk9EWUpEQ2JkTUV3?oc=5\" target=\"_blank\" rel=\"noopener\">\u00c0 cause d&rsquo;une publicit\u00e9 sur son frigo connect\u00e9 Samsung, elle termine \u00e0 l&rsquo;h\u00f4pital en crise de schizophr\u00e9nie<\/a>&nbsp;&nbsp;Les Num\u00e9riques<\/li>\n<li><a href=\"https:\/\/news.google.com\/rss\/articles\/CBMixwFBVV95cUxQeXpRODR4T2Zqd3BpNC1UY1pidXhTS3JJRTlWcC1USllRdE9RSU91bnh6cnBhdGtNbVFIWHVsWFhEZHBoakhUUXVaeFpUNG1DSHBka1lmcUpSdkYycVU4M1VnaVR2N1pybkUyVVpfdFFuUHlWc1o1YzUtLVNFc0FyaU83MEpBMTRfRklaTEVQMEx6cnl0VjlRT3Nob3A3T0V6T2dGRjNST3BibUlwbjZwZG5rN2FQcVdxQ3NlV0kxeTY3Qk1wWTBN?oc=5\" target=\"_blank\" rel=\"noopener\">Samsung fait marche arri\u00e8re et permet de d\u00e9sactiver les publicit\u00e9s sur ses frigos connect\u00e9s<\/a>&nbsp;&nbsp;RTBF<\/li>\n<li><a href=\"https:\/\/news.google.com\/rss\/articles\/CBMiogFBVV95cUxPOGhFTXZqWFJ3OWY5OFM4REFabTlWT2NwTDFBellFc3F1WkZyX0FpQWRGZkVCaEo5RlpiUXl6MndlcXZidE14ZlluSF9NbTRVLXRWdlVnMzlVQktvRlJZVGRFWkZLR21VVUdwVnVYQVphQkxGeTZEREQ0TDhNdG5reEc0NWNqNlNsc000QzRQT09kTlpnZk9LZ3AtSHItWm1VSEE?oc=5\" target=\"_blank\" rel=\"noopener\">Triple bonne nouvelle : Samsung vous permet d\u00e9sormais de d\u00e9sactiver les publicit\u00e9s sur les r\u00e9frig\u00e9rateurs connect\u00e9s. Voici comment faire<\/a>&nbsp;&nbsp;Samsung Magazine<\/li>\n<li><a href=\"https:\/\/news.google.com\/rss\/articles\/CBMitAFBVV95cUxONkZMLUw1NkdzN2NmWUJkRldvQTMxbEkxWF9xQWZrVFV4NnI0akt1NTRpX1g1UHRPUkJqU1FjSXg1SzVuaE1OMkpRZjlwaXprNmc5cWpvSm1oTlFTdHZxb2VOanpRZnNrM2hxWjBCLW9vTlpoWkloN0puV1c4cHJtaXlJQ254YnJmWm5LZ1ZVeWp5djNMVVBTYnl3ZEdnTWg5RDhySVJrdUJfdmNUd3hQcm96d2E?oc=5\" target=\"_blank\" rel=\"noopener\">Samsung fait marche arri\u00e8re et permet de d\u00e9sactiver les pubs sur ses frigos<\/a>&nbsp;&nbsp;Mac4Ever<\/li>\n<li><a href=\"https:\/\/news.google.com\/rss\/articles\/CBMi6AFBVV95cUxOQnJ5b21zbDg2NUVYemdmNE9SalAteEF2T1MzUmpMUFl4Si1yTFMtNDVZS3N4ZGNxeXJ6Q3Q5V1NTeU1LQlFqQjJIX3UtazkxLW5WVGlhWjV0OUp0TGVkWmFzUUdrbUFKVEhfbFB1cHhLZXpQcXo4YVB1Nzdjd3BaZFB0RUpZSFVqZDFSNGVTeU9TUkJHU202TWU4NEttZnNZb2ZSME1faFNMM2dRbVNFUTRCRjlJSDRkTjQySXM4X3VRSXFmQjdhY0tfdzdKM0QwZzgwTHpoY25vTkhMdm1lVVZKMUVMR1B6?oc=5\" target=\"_blank\" rel=\"noopener\">Une femme schizophr\u00e8ne hospitalis\u00e9e apr\u00e8s avoir vu une publicit\u00e9 sur le r\u00e9frig\u00e9rateur intelligent de Samsung<\/a>&nbsp;&nbsp;Notebookcheck.fr<\/li>\n<\/ol>\n","protected":false},"excerpt":{"rendered":"\u00c0 cause d&rsquo;une publicit\u00e9 sur son frigo connect\u00e9 Samsung, elle termine \u00e0 l&rsquo;h\u00f4pital en crise de schizophr\u00e9nie&nbsp;&nbsp;Les Num\u00e9riques&hellip;\n","protected":false},"author":2,"featured_media":395849,"comment_status":"","ping_status":"","sticky":false,"template":"","format":"standard","meta":{"footnotes":""},"categories":[7],"tags":[1011,27,43,40,41,39,42,44],"class_list":{"0":"post-583339","1":"post","2":"type-post","3":"status-publish","4":"format-standard","5":"has-post-thumbnail","7":"category-sciences-et-technologies","8":"tag-fr","9":"tag-france","10":"tag-science","11":"tag-science-and-technology","12":"tag-sciences","13":"tag-sciences-et-technologies","14":"tag-technologies","15":"tag-technology"},"share_on_mastodon":{"url":"https:\/\/pubeurope.com\/@fr\/115675925326869841","error":""},"_links":{"self":[{"href":"https:\/\/www.europesays.com\/fr\/wp-json\/wp\/v2\/posts\/583339","targetHints":{"allow":["GET"]}}],"collection":[{"href":"https:\/\/www.europesays.com\/fr\/wp-json\/wp\/v2\/posts"}],"about":[{"href":"https:\/\/www.europesays.com\/fr\/wp-json\/wp\/v2\/types\/post"}],"author":[{"embeddable":true,"href":"https:\/\/www.europesays.com\/fr\/wp-json\/wp\/v2\/users\/2"}],"replies":[{"embeddable":true,"href":"https:\/\/www.europesays.com\/fr\/wp-json\/wp\/v2\/comments?post=583339"}],"version-history":[{"count":0,"href":"https:\/\/www.europesays.com\/fr\/wp-json\/wp\/v2\/posts\/583339\/revisions"}],"wp:featuredmedia":[{"embeddable":true,"href":"https:\/\/www.europesays.com\/fr\/wp-json\/wp\/v2\/media\/395849"}],"wp:attachment":[{"href":"https:\/\/www.europesays.com\/fr\/wp-json\/wp\/v2\/media?parent=583339"}],"wp:term":[{"taxonomy":"category","embeddable":true,"href":"https:\/\/www.europesays.com\/fr\/wp-json\/wp\/v2\/categories?post=583339"},{"taxonomy":"post_tag","embeddable":true,"href":"https:\/\/www.europesays.com\/fr\/wp-json\/wp\/v2\/tags?post=583339"}],"curies":[{"name":"wp","href":"https:\/\/api.w.org\/{rel}","templated":true}]}}