{"id":583340,"date":"2025-12-07T02:28:15","date_gmt":"2025-12-07T02:28:15","guid":{"rendered":"https:\/\/www.europesays.com\/fr\/583340\/"},"modified":"2025-12-07T02:28:15","modified_gmt":"2025-12-07T02:28:15","slug":"le-fisc-aura-acces-a-tous-vos-comptes-crypto-des-le-1er-janvier","status":"publish","type":"post","link":"https:\/\/www.europesays.com\/fr\/583340\/","title":{"rendered":"le Fisc aura acc\u00e8s \u00e0 tous vos comptes crypto d\u00e8s le 1er janvier"},"content":{"rendered":"<p>Le 1er janvier 2026 marquera un tournant pour <a href=\"https:\/\/www.presse-citron.net\/crypto\/faq\/\" target=\"_blank\" rel=\"false noopener\">le secteur des cryptomonnaies<\/a>. Et pour cause, \u00e0 partir de cette date, la directive europ\u00e9enne DAC 8 centr\u00e9e sur la coop\u00e9ration administrative <a href=\"https:\/\/www.presse-citron.net\/crypto\/faq\/declarer-crypto\/\" target=\"_blank\" rel=\"false noopener\">dans le domaine fisca<\/a>l entrera en application. Derri\u00e8re ce jargon administratif quelque peu abstrait se cache une vraie menace pour les investisseurs en crypto qui ne respecteraient pas les r\u00e8gles en vigueur.<\/p>\n<p>Comme l\u2019explique BFM, le Fisc pourra en effet acc\u00e9der aux informations d\u2019un utilisateur inscrit sur <a href=\"https:\/\/www.presse-citron.net\/crypto\/\" target=\"_blank\" rel=\"false noopener\">une plateforme crypto<\/a> (CEX) et conna\u00eetre son solde et ses transactions. Il pourra en outre prendre connaissance de tous les comptes crypto \u00e9trangers non d\u00e9clar\u00e9s par un contribuable.<\/p>\n<p> Attention aux comptes crypto \u00e0 l\u2019\u00e9tranger <\/p>\n<p>C\u2019est tout sauf un d\u00e9tail, car, jusqu\u2019\u00e0 pr\u00e9sent, ces acteurs ne transmettaient ces informations aux autorit\u00e9s fiscales que dans les cas de soup\u00e7on de financement du terrorisme ou de blanchiment d\u2019argent, pr\u00e9cisent nos confr\u00e8res. En revanche, seules les op\u00e9rations r\u00e9alis\u00e9es \u00e0 partir du 1er janvier 2026 seront transmises.<\/p>\n<p>Cette automatisation des \u00e9changes expose les investisseurs \u00e0 un risque tr\u00e8s concret. Il faut en effet savoir que ces placements doivent \u00eatre syst\u00e9matiquement d\u00e9clar\u00e9s et m\u00eame en l\u2019absence de plus-value. Si tel n\u2019est pas le cas, une amende de 1500 euros par compte \u00e9tranger non d\u00e9clar\u00e9 est pr\u00e9vue. On peut donc imaginer que certains contribuables qui n\u2019ont pas pris soin d\u2019informer l\u2019administration seront rattrap\u00e9s par la patrouille.<\/p>\n<p>Cit\u00e9e par <a href=\"https:\/\/www.lemonde.fr\/argent\/article\/2025\/12\/03\/impots-le-fisc-va-etre-mieux-informe-sur-vos-comptes-en-cryptomonnaies_6655795_1657007.html\" target=\"_blank\" rel=\"false noopener\">Le Monde<\/a>, Sophie Nouy, directrice du p\u00f4le expertise patrimonial de Cyrus Herez, \u00e9voque un autre risque tr\u00e8s concret\u00a0:<\/p>\n<blockquote>\n<p>Si un adolescent ou un jeune majeur rattach\u00e9 au foyer fiscal de ses parents a ouvert un compte sur une application et a achet\u00e9 des cryptos sans leur dire \u2013 ses g\u00e9niteurs n\u2019ont donc rien d\u00e9clar\u00e9 \u2013, alors, en cas de contr\u00f4le, la facture pourrait \u00eatre sal\u00e9e. D\u2019autant plus que le fisc peut remonter jusqu\u2019\u00e0 six ans, voire dix\u00a0ans, pour calculer la p\u00e9nalit\u00e9.<\/p>\n<\/blockquote>\n<p>BFM rappelle \u00e9galement que la DAC 8 ne s\u2019applique qu\u2019aux plateformes crypto PSAN (en France) et PSCA (Europe). Il reste donc possible d\u2019anonymiser ces transactions en passant les portefeuilles froids, <a href=\"https:\/\/www.presse-citron.net\/crypto\/faq\/stocker-crypto\/\" target=\"_blank\" rel=\"false noopener\">comme Ledger<\/a> ou sur des plateformes d\u00e9centralis\u00e9es (DEX).<\/p>\n<p>Enfin, Le Monde finit par un conseil de bon sens pour les contribuables qui veulent se mettre en conformit\u00e9 avec le Fisc\u00a0: envoyer une lettre invoquant le droit \u00e0 l\u2019erreur avec les imprim\u00e9s rectificatifs des ann\u00e9es non prescrites. Il faut aussi veiller \u00e0 pr\u00e9ciser le nom des titulaires du ou des comptes et leur date d\u2019ouverture.<\/p>\n<p>Aviez-vous connaissance des \u00e9volutions pr\u00e9vues le 1er janvier prochain\u00a0? Dites-le-nous dans les commentaires.<\/p>\n<blockquote>\n<p class=\"text-base text-neutral-700 dark:text-neutral-300\">\ud83d\udccd Pour ne manquer aucune actualit\u00e9 de Presse-citron, suivez-nous sur <a href=\"https:\/\/news.google.com\/publications\/CAAqBggKMIPiNTC70wU?hl=fr&amp;gl=FR&amp;ceid=FR%3Afr\" target=\"_blank\" rel=\"noopener\">Google Actualit\u00e9s<\/a> et <a href=\"https:\/\/whatsapp.com\/channel\/0029VaCkGuz4NViitBXbEr0b\" target=\"_blank\" rel=\"noopener\">WhatsApp<\/a>.<\/p>\n<\/blockquote>\n","protected":false},"excerpt":{"rendered":"Le 1er janvier 2026 marquera un tournant pour le secteur des cryptomonnaies. Et pour cause, \u00e0 partir de&hellip;\n","protected":false},"author":2,"featured_media":583341,"comment_status":"","ping_status":"","sticky":false,"template":"","format":"standard","meta":{"footnotes":""},"categories":[6],"tags":[1261,5688,35,33,34,1011,27,342],"class_list":{"0":"post-583340","1":"post","2":"type-post","3":"status-publish","4":"format-standard","5":"has-post-thumbnail","7":"category-economie","8":"tag-argent","9":"tag-bitcoin","10":"tag-business","11":"tag-economie","12":"tag-economy","13":"tag-fr","14":"tag-france","15":"tag-impots"},"share_on_mastodon":{"url":"https:\/\/pubeurope.com\/@fr\/115675929279826117","error":""},"_links":{"self":[{"href":"https:\/\/www.europesays.com\/fr\/wp-json\/wp\/v2\/posts\/583340","targetHints":{"allow":["GET"]}}],"collection":[{"href":"https:\/\/www.europesays.com\/fr\/wp-json\/wp\/v2\/posts"}],"about":[{"href":"https:\/\/www.europesays.com\/fr\/wp-json\/wp\/v2\/types\/post"}],"author":[{"embeddable":true,"href":"https:\/\/www.europesays.com\/fr\/wp-json\/wp\/v2\/users\/2"}],"replies":[{"embeddable":true,"href":"https:\/\/www.europesays.com\/fr\/wp-json\/wp\/v2\/comments?post=583340"}],"version-history":[{"count":0,"href":"https:\/\/www.europesays.com\/fr\/wp-json\/wp\/v2\/posts\/583340\/revisions"}],"wp:featuredmedia":[{"embeddable":true,"href":"https:\/\/www.europesays.com\/fr\/wp-json\/wp\/v2\/media\/583341"}],"wp:attachment":[{"href":"https:\/\/www.europesays.com\/fr\/wp-json\/wp\/v2\/media?parent=583340"}],"wp:term":[{"taxonomy":"category","embeddable":true,"href":"https:\/\/www.europesays.com\/fr\/wp-json\/wp\/v2\/categories?post=583340"},{"taxonomy":"post_tag","embeddable":true,"href":"https:\/\/www.europesays.com\/fr\/wp-json\/wp\/v2\/tags?post=583340"}],"curies":[{"name":"wp","href":"https:\/\/api.w.org\/{rel}","templated":true}]}}