{"id":583342,"date":"2025-12-07T02:29:16","date_gmt":"2025-12-07T02:29:16","guid":{"rendered":"https:\/\/www.europesays.com\/fr\/583342\/"},"modified":"2025-12-07T02:29:16","modified_gmt":"2025-12-07T02:29:16","slug":"accident-de-la-route-9-morts-et-10-blesses-dans-le-renversement-dun-bus","status":"publish","type":"post","link":"https:\/\/www.europesays.com\/fr\/583342\/","title":{"rendered":"Accident de la route : 9 morts et 10 bless\u00e9s dans le renversement d&rsquo;un bus"},"content":{"rendered":"<p>La wilaya de B\u00e9ni Abb\u00e8s a \u00e9t\u00e9 frapp\u00e9e par un accident de la route d\u2019une extr\u00eame gravit\u00e9 ce samedi. Un bus de transport de voyageurs a d\u00e9rap\u00e9 puis s\u2019est renvers\u00e9 sur la Route Nationale 50 (RN 50), causant un lourd bilan humain, encore provisoire.<\/p>\n<p>Selon un communiqu\u00e9 de la Direction G\u00e9n\u00e9rale de la Protection Civile Alg\u00e9rienne, les faits se sont produits sur la RN 50 en direction de B\u00e9char, au niveau de la commune et Da\u00efra de Tebalbala.<\/p>\n<p><strong>L\u2019accident a malheureusement entra\u00een\u00e9 le d\u00e9c\u00e8s de neuf personnes et fait dix bless\u00e9s.<\/strong><\/p>\n<p>Les unit\u00e9s de la Protection Civile ont \u00e9t\u00e9 mobilis\u00e9es imm\u00e9diatement. La nature de l\u2019accident, une d\u00e9viation suivie du renversement de la carcasse, rend les op\u00e9rations de secours d\u00e9licates. \u00a0L\u2019op\u00e9ration de secours et d\u2019\u00e9vacuation des victimes est toujours en cours sur les lieux, soulignant l\u2019urgence et la complexit\u00e9 de la situation pour les \u00e9quipes de sauvetage.<\/p>\n<p>Une enqu\u00eate devrait \u00eatre ouverte par les autorit\u00e9s comp\u00e9tentes, notamment la <a href=\"https:\/\/www.algerie360.com\/cette-route-fermee-par-les-chutes-de-neige-la-gendarmerie-nationale-alerte\/\" target=\"_blank\" rel=\"noopener\">Gendarmerie Nationale<\/a>, afin de d\u00e9terminer les causes exactes de ce drame.<\/p>\n<p>Ce nouvel accident vient tristement rappeler la fr\u00e9quence et la gravit\u00e9 des drames de la route qui frappent r\u00e9guli\u00e8rement l\u2019Alg\u00e9rie, en particulier sur les longs tron\u00e7ons routiers du Grand Sud. La RN 50, comme beaucoup d\u2019axes d\u00e9sertiques, est r\u00e9put\u00e9e pour ses dangers (fatigue, vitesse excessive, ensablement, \u00e9tat des v\u00e9hicules).<\/p>\n<p>La Protection Civile joue un r\u00f4le crucial dans ces zones recul\u00e9es. Face \u00e0 l\u2019\u00e9loignement des centres hospitaliers et \u00e0 l\u2019isolement de certaines routes, la rapidit\u00e9 et l\u2019efficacit\u00e9 des \u00e9quipes de secours sont vitales. Ainsi, leur mobilisation, comme celle en cours \u00e0 Tebalbala, est un maillon essentiel pour minimiser les cons\u00e9quences humaines de ces catastrophes.<\/p>\n<p>La Protection Civile Alg\u00e9rienne : un rythme d\u2019une alerte toutes les 38 secondes<\/p>\n<p data-path-to-node=\"3\">La Direction G\u00e9n\u00e9rale de la <a href=\"https:\/\/www.algerie360.com\/la-gendarmerie-nationale-recrute-2025-conditions-dates-et-procedure-a-suivre\/\" target=\"_blank\" rel=\"noopener\">Protection Civile Alg\u00e9rienne<\/a> a fait \u00e9tat d\u2019une activit\u00e9 particuli\u00e8rement intense au cours des derni\u00e8res 24 heures, s\u2019\u00e9tendant du 05 au 06 d\u00e9cembre 2025. Le total des interventions enregistr\u00e9es a atteint le chiffre impressionnant de <b>2231 interventions<\/b>, illustrant une mobilisation constante de ses \u00e9quipes, soit un rythme d\u2019un appel \u00e0 l\u2019aide toutes les <b>38 secondes<\/b>.<\/p>\n<p data-path-to-node=\"4\">Malheureusement, les routes demeurent un th\u00e9\u00e2tre de drames, n\u00e9cessitant <b>116 interventions<\/b> pour les seuls accidents de la circulation. Ces \u00e9v\u00e9nements tragiques ont co\u00fbt\u00e9 la vie \u00e0 <b>2 personnes<\/b>, et ont \u00e9galement fait <b>146 bless\u00e9s<\/b> qui ont \u00e9t\u00e9 pris en charge par les secours.<\/p>\n<p data-path-to-node=\"5\">Parall\u00e8lement, la Protection Civile a agi face aux dangers domestiques. <b>11 interventions<\/b> ont \u00e9t\u00e9 signal\u00e9es pour des incidents li\u00e9s au gaz, permettant d\u2019apporter les premiers soins \u00e0 <b>22 personnes<\/b>. Il est \u00e0 noter, et c\u2019est un point positif, qu\u2019aucune perte humaine n\u2019a \u00e9t\u00e9 d\u00e9plor\u00e9e dans ces incidents d\u2019asphyxie durant cette p\u00e9riode.<\/p>\n<p data-path-to-node=\"6\">Au-del\u00e0 des urgences routi\u00e8res et des incidents li\u00e9s au gaz, l\u2019activit\u00e9 de la Protection Civile s\u2019est r\u00e9partie sur l\u2019\u00e9vacuation sanitaire avec <b>1586 interventions<\/b>, la gestion des incendies urbains et industriels (38), et d\u2019autres accidents divers totalisant 439 interventions. Une activit\u00e9 de couverture pr\u00e9ventive a \u00e9galement \u00e9t\u00e9 men\u00e9e \u00e0 <b>33 reprises<\/b>. Ces chiffres t\u00e9moignent de la polyvalence et de l\u2019engagement permanent des services de secours sur tout le territoire.<\/p>\n<\/p>\n<p><img decoding=\"async\" class=\"lazy\" src=\"data:image\/svg+xml,%3Csvg%20xmlns=\" http:=\"\" data-src=\"https:\/\/www.europesays.com\/fr\/wp-content\/uploads\/2025\/12\/icons8-share-64.png.webp\" alt=\"Partager\" data-smush-webp-fallback=\"{&quot;src&quot;:&quot;https:\\\/\\\/www.algerie360.com\\\/wp-content\\\/uploads\\\/2025\\\/06\\\/icons8-share-64.png&quot;}\"\/><\/p>\n","protected":false},"excerpt":{"rendered":"La wilaya de B\u00e9ni Abb\u00e8s a \u00e9t\u00e9 frapp\u00e9e par un accident de la route d\u2019une extr\u00eame gravit\u00e9 ce&hellip;\n","protected":false},"author":2,"featured_media":583343,"comment_status":"","ping_status":"","sticky":false,"template":"","format":"standard","meta":{"footnotes":""},"categories":[5],"tags":[328,11,1011,27,14,12,28],"class_list":{"0":"post-583342","1":"post","2":"type-post","3":"status-publish","4":"format-standard","5":"has-post-thumbnail","7":"category-international","8":"tag-a-la-une","9":"tag-actualites","10":"tag-fr","11":"tag-france","12":"tag-international","13":"tag-news","14":"tag-world"},"share_on_mastodon":{"url":"https:\/\/pubeurope.com\/@fr\/115675933213509814","error":""},"_links":{"self":[{"href":"https:\/\/www.europesays.com\/fr\/wp-json\/wp\/v2\/posts\/583342","targetHints":{"allow":["GET"]}}],"collection":[{"href":"https:\/\/www.europesays.com\/fr\/wp-json\/wp\/v2\/posts"}],"about":[{"href":"https:\/\/www.europesays.com\/fr\/wp-json\/wp\/v2\/types\/post"}],"author":[{"embeddable":true,"href":"https:\/\/www.europesays.com\/fr\/wp-json\/wp\/v2\/users\/2"}],"replies":[{"embeddable":true,"href":"https:\/\/www.europesays.com\/fr\/wp-json\/wp\/v2\/comments?post=583342"}],"version-history":[{"count":0,"href":"https:\/\/www.europesays.com\/fr\/wp-json\/wp\/v2\/posts\/583342\/revisions"}],"wp:featuredmedia":[{"embeddable":true,"href":"https:\/\/www.europesays.com\/fr\/wp-json\/wp\/v2\/media\/583343"}],"wp:attachment":[{"href":"https:\/\/www.europesays.com\/fr\/wp-json\/wp\/v2\/media?parent=583342"}],"wp:term":[{"taxonomy":"category","embeddable":true,"href":"https:\/\/www.europesays.com\/fr\/wp-json\/wp\/v2\/categories?post=583342"},{"taxonomy":"post_tag","embeddable":true,"href":"https:\/\/www.europesays.com\/fr\/wp-json\/wp\/v2\/tags?post=583342"}],"curies":[{"name":"wp","href":"https:\/\/api.w.org\/{rel}","templated":true}]}}