{"id":583346,"date":"2025-12-07T02:31:16","date_gmt":"2025-12-07T02:31:16","guid":{"rendered":"https:\/\/www.europesays.com\/fr\/583346\/"},"modified":"2025-12-07T02:31:16","modified_gmt":"2025-12-07T02:31:16","slug":"a-lassemblee-melenchon-se-pose-en-defenseur-de-la-laicite-republicaine-mediapart","status":"publish","type":"post","link":"https:\/\/www.europesays.com\/fr\/583346\/","title":{"rendered":"\u00c0 l\u2019Assembl\u00e9e, M\u00e9lenchon se pose en d\u00e9fenseur de la la\u00efcit\u00e9 r\u00e9publicaine &#8211; Mediapart"},"content":{"rendered":"<ol>\n<li><a href=\"https:\/\/news.google.com\/rss\/articles\/CBMiuwFBVV95cUxPMkxDbmdybU9hejY0NDliOVRjeUxTeGdjenlfMVJ5QTh0N19lX0tBYklXQW5oSl9TN0V1YWlaNEdKdzFZbjNkeGdTSVZaU0VTTlJsZnRZUk9Nbk1NYnRTLWl5THluYS1fV1VyZGsyM083VlNxOTg4MEppZzZ0V2hsMUdQczhQT3NabzdMTTNWTFlPaVFPY3B3MzltbWt3UWVjeUVKS0t3NkZ2S3VpS0h2VVJfNDZnbGNqdGgw?oc=5\" target=\"_blank\" rel=\"noopener\">\u00c0 l\u2019Assembl\u00e9e, M\u00e9lenchon se pose en d\u00e9fenseur de la la\u00efcit\u00e9 r\u00e9publicaine<\/a>&nbsp;&nbsp;Mediapart<\/li>\n<li><a href=\"https:\/\/news.google.com\/rss\/articles\/CBMi9gFBVV95cUxOYTBIbGNwQVA3d3BIeXQ2UGU4ZVdVbTNIVUc0QmFQWXp2ZUZtNkhTVEFhUnpPU3FZRkUyZzBUZEVQX0RNZWhEOUlRcGpRNGR5MC1FWjViNWJCUFVlZ2pFdmJtNlExZ3AwY2ZCOTI0UmFLR1lGZ25FemYtQTdnbWZ2YkdtQ0tUUW10STJWbEVFenZETzQ5SkdvTVFTT0h3X0RJTUY4U1YyQ3hFcjVRWDM1SW5PeXdlaWFlS1IxU0ZiWDA5dUFmbTB0eTRjLTdJUEV2LXRyN3ZXUVNEVzVmRjI3SDRCQkVqa1FFbzJ1NG5HTm9VTi1LUGc?oc=5\" target=\"_blank\" rel=\"noopener\">\u00ab Entrisme religieux \u00bb : le passage sans encombre de Jean-Luc M\u00e9lenchon devant les parlementaires<\/a>&nbsp;&nbsp;Le Monde.fr<\/li>\n<li><a href=\"https:\/\/news.google.com\/rss\/articles\/CBMijgJBVV95cUxOcGVGQnBtQlZzUjdLb3pXZjhrb0UtSU4zVnUtWGJOT1hDNVpfSHFYMEJ3TDJkTlFnVEFxMF9TbjRxMjU2WUNBbDItNUVCVXAyeVpsUzdkSjVmY21neXZ0SFljNVU2VE5ONUJHWWtCdjdBZWpTNUEwZEpGYzV4U0xTd2VXM2x4UFg4eUYwODQ2YlMwdGtiWV91QVFDOTdrelQ2TVgtQ2Y2Q1NJcXV0VnZmZ01oN3pWUVVYai05UlRySjZpb0pXZjdBcndEeHNwU2NCLTV6S0VIVGhYMXNUaVZHTFlac3UwQ2FLeHFVTm1IYkpaMnJaVVpFVmdxNGlqRHRJYmRXWnVDTk1VNGxBeHc?oc=5\" target=\"_blank\" rel=\"noopener\">Accusation d\u2019antis\u00e9mitisme et de \u00abclient\u00e9lisme\u00bb pro-musulman : \u00e0 l\u2019Assembl\u00e9e, la belle occasion offerte \u00e0 M\u00e9lenchon<\/a>&nbsp;&nbsp;Lib\u00e9ration<\/li>\n<li><a href=\"https:\/\/news.google.com\/rss\/articles\/CBMiiwJBVV95cUxOQVdqbFJXNFdKQlJLMzgzaTNYd3RXaDZUYzVHa2ZPNFpwT0VrWVpxaGVsaHVHTjVoSk92MkxLWU13WTJPUFk5T0FTWEZRZ3hTMXZpOUFDQjUweHpEYmwxblN3Y1EyTkx1QkhDbDdHcXcxWFhMWHN3NEJTcVBneTQ3MlY5Vjl5bFBxZGF6V0hmcUUzUjZHRGs0bk56VHVPTlZ0X1M0X2hzcHhBTTZsWTlvSm95TTJZcUxhMmppWVdXRzR5NXlWdTFhV0tBNFZsdDhpb1FQSjFUMF9lU1BhY1E0bmVrcE94bWVyMkZ3R3dsSkN4bVY0TmdJbWgtcERzc2JybXV4eHhnQUgtZWM?oc=5\" target=\"_blank\" rel=\"noopener\">\u00ab Un grand num\u00e9ro de Jo l\u2019embrouille \u00bb : M\u00e9lenchon fait la le\u00e7on aux d\u00e9put\u00e9s de la commission sur l\u2019islamisme<\/a>&nbsp;&nbsp;Le Parisien<\/li>\n<li><a href=\"https:\/\/news.google.com\/rss\/articles\/CBMi2gJBVV95cUxOZzFQTVpkdkdGZUM0TG05UDdMSEk5SHk4T09ocUYxeERIek45LUNZdkk0QVBrOVhRNGdveGptcTBIQ1l0ZnN2aC1XeUl5ekNUTHI0UEN4WTI1bDVjSjNGa2dESVBuV1UxZXJURFU1ZG1CdjltRmN1YjNGTmFLOUxHU3p3VFNZM09kTk43YjdDcG9wcnFzRXg0OGFqTEEtUC1MWTZzZmR0RVBEc3FfbDN5cDc2Zk5qRlphTVZoeGpjLUlxc2RBUkpjRjZqY1d2TzBlYnJPQlNSaEFicEVqY1cwVmxhQ3ZTNzU4MTdVRGdyaWJ4TzU1eUJZaEhDcXpkYlkxa0ZWUEQ5Q1V1RVE0b0xNdG91d2puZlk0WE5VMXN5alJ0bC12ODg1eVFqUEZtVW91aXVCbGJTcHdxeDlQUHE0SE9ETlhZTHlxd3NpZjZmRnh0VmtOUWNaVk1n?oc=5\" target=\"_blank\" rel=\"noopener\">Devant la commission d&rsquo;enqu\u00eate parlementaire sur les liens entre partis et r\u00e9seaux islamistes, Jean-Luc M\u00e9lenchon assure \u00ab\u00a0ne pas confondre l&rsquo;islamisme et le terrorisme\u00a0\u00bb<\/a>&nbsp;&nbsp;BFM<\/li>\n<\/ol>\n","protected":false},"excerpt":{"rendered":"\u00c0 l\u2019Assembl\u00e9e, M\u00e9lenchon se pose en d\u00e9fenseur de la la\u00efcit\u00e9 r\u00e9publicaine&nbsp;&nbsp;Mediapart \u00ab Entrisme religieux \u00bb : le passage&hellip;\n","protected":false},"author":2,"featured_media":583347,"comment_status":"","ping_status":"","sticky":false,"template":"","format":"standard","meta":{"footnotes":""},"categories":[2],"tags":[11,5137,69679,1011,27,432,1253,3081,12],"class_list":{"0":"post-583346","1":"post","2":"type-post","3":"status-publish","4":"format-standard","5":"has-post-thumbnail","7":"category-actualites","8":"tag-actualites","9":"tag-commission-denquete","10":"tag-entrisme-islamique","11":"tag-fr","12":"tag-france","13":"tag-gerald-darmanin","14":"tag-islamisme","15":"tag-jean-luc-melenchon","16":"tag-news"},"share_on_mastodon":{"url":"https:\/\/pubeurope.com\/@fr\/115675940932147166","error":""},"_links":{"self":[{"href":"https:\/\/www.europesays.com\/fr\/wp-json\/wp\/v2\/posts\/583346","targetHints":{"allow":["GET"]}}],"collection":[{"href":"https:\/\/www.europesays.com\/fr\/wp-json\/wp\/v2\/posts"}],"about":[{"href":"https:\/\/www.europesays.com\/fr\/wp-json\/wp\/v2\/types\/post"}],"author":[{"embeddable":true,"href":"https:\/\/www.europesays.com\/fr\/wp-json\/wp\/v2\/users\/2"}],"replies":[{"embeddable":true,"href":"https:\/\/www.europesays.com\/fr\/wp-json\/wp\/v2\/comments?post=583346"}],"version-history":[{"count":0,"href":"https:\/\/www.europesays.com\/fr\/wp-json\/wp\/v2\/posts\/583346\/revisions"}],"wp:featuredmedia":[{"embeddable":true,"href":"https:\/\/www.europesays.com\/fr\/wp-json\/wp\/v2\/media\/583347"}],"wp:attachment":[{"href":"https:\/\/www.europesays.com\/fr\/wp-json\/wp\/v2\/media?parent=583346"}],"wp:term":[{"taxonomy":"category","embeddable":true,"href":"https:\/\/www.europesays.com\/fr\/wp-json\/wp\/v2\/categories?post=583346"},{"taxonomy":"post_tag","embeddable":true,"href":"https:\/\/www.europesays.com\/fr\/wp-json\/wp\/v2\/tags?post=583346"}],"curies":[{"name":"wp","href":"https:\/\/api.w.org\/{rel}","templated":true}]}}